{"id":28500,"date":"2023-03-01T07:58:01","date_gmt":"2023-03-01T07:58:01","guid":{"rendered":"https:\/\/bceco.cd\/?p=28500"},"modified":"2023-03-01T07:58:01","modified_gmt":"2023-03-01T07:58:01","slug":"lancement-des-travaux-de-construction-de-la-morgue-de-kananga","status":"publish","type":"post","link":"https:\/\/ikar.dev\/bceco-v2\/lancement-des-travaux-de-construction-de-la-morgue-de-kananga\/","title":{"rendered":"Lancement des travaux de construction de la morgue de Kananga"},"content":{"rendered":"\t\t<div data-elementor-type=\"wp-post\" data-elementor-id=\"28500\" class=\"elementor elementor-28500\" data-elementor-post-type=\"post\">\n\t\t\t\t\t\t<section class=\"elementor-section elementor-top-section elementor-element elementor-element-a098ef5 elementor-section-boxed elementor-section-height-default elementor-section-height-default\" data-id=\"a098ef5\" data-element_type=\"section\">\n\t\t\t\t\t\t<div class=\"elementor-container elementor-column-gap-default\">\n\t\t\t\t\t<div class=\"elementor-column elementor-col-100 elementor-top-column elementor-element elementor-element-f82ce2b\" data-id=\"f82ce2b\" data-element_type=\"column\">\n\t\t\t<div class=\"elementor-widget-wrap elementor-element-populated\">\n\t\t\t\t\t\t<div class=\"elementor-element elementor-element-718de4e elementor-widget elementor-widget-text-editor\" data-id=\"718de4e\" data-element_type=\"widget\" data-widget_type=\"text-editor.default\">\n\t\t\t\t\t\t\t\t\t<p>Le Gouverneur de la Province du Kasa\u00ef Central, Son Excellence Monsieur <strong>John Kabeya Shikay<\/strong>, vient de lancer, ce lundi 27 f\u00e9vrier 2023, les travaux de construction de la nouvelle morgue de l\u2019H\u00f4pital Provincial G\u00e9n\u00e9ral de R\u00e9f\u00e9rence de Kananga, le HPGRK. Trois moments forts ont marqu\u00e9 cette c\u00e9r\u00e9monie. Il s\u2019agit notamment du speech du Directeur G\u00e9n\u00e9ral du Bureau Central de Coordination, le BCeCo, Monsieur <strong>Jean Mabi Mulumba<\/strong>, du mot de la Ministre provinciale de la Sant\u00e9 suivi de celui du Directeur G\u00e9n\u00e9ral de l\u2019h\u00f4pital et, enfin, la pose de la pierre de la nouvelle morgue de Kananga.<\/p>\t\t\t\t\t\t\t\t<\/div>\n\t\t\t\t\t<\/div>\n\t\t<\/div>\n\t\t\t\t\t<\/div>\n\t\t<\/section>\n\t\t\t\t<section class=\"elementor-section elementor-top-section elementor-element elementor-element-5097dea elementor-section-boxed elementor-section-height-default elementor-section-height-default\" data-id=\"5097dea\" data-element_type=\"section\">\n\t\t\t\t\t\t<div class=\"elementor-container elementor-column-gap-default\">\n\t\t\t\t\t<div class=\"elementor-column elementor-col-50 elementor-top-column elementor-element elementor-element-befa8d3\" data-id=\"befa8d3\" data-element_type=\"column\">\n\t\t\t<div class=\"elementor-widget-wrap elementor-element-populated\">\n\t\t\t\t\t\t<div class=\"elementor-element elementor-element-d31147a elementor-widget elementor-widget-image\" data-id=\"d31147a\" data-element_type=\"widget\" data-widget_type=\"image.default\">\n\t\t\t\t\t\t\t\t\t\t\t\t\t\t\t<img fetchpriority=\"high\" decoding=\"async\" width=\"1080\" height=\"694\" src=\"https:\/\/ikar.dev\/bceco-v2\/wp-content\/uploads\/2023\/03\/morgue1-1080x694.jpg\" class=\"attachment-large size-large wp-image-28507\" alt=\"\" \/>\t\t\t\t\t\t\t\t\t\t\t\t\t\t\t<\/div>\n\t\t\t\t\t<\/div>\n\t\t<\/div>\n\t\t\t\t<div class=\"elementor-column elementor-col-50 elementor-top-column elementor-element elementor-element-f739e7d\" data-id=\"f739e7d\" data-element_type=\"column\">\n\t\t\t<div class=\"elementor-widget-wrap elementor-element-populated\">\n\t\t\t\t\t\t<div class=\"elementor-element elementor-element-43a6a22 elementor-widget elementor-widget-image\" data-id=\"43a6a22\" data-element_type=\"widget\" data-widget_type=\"image.default\">\n\t\t\t\t\t\t\t\t\t\t\t\t\t\t\t<img decoding=\"async\" width=\"1080\" height=\"694\" src=\"https:\/\/ikar.dev\/bceco-v2\/wp-content\/uploads\/2023\/03\/morgue_2-1080x694.jpg\" class=\"attachment-large size-large wp-image-28512\" alt=\"\" \/>\t\t\t\t\t\t\t\t\t\t\t\t\t\t\t<\/div>\n\t\t\t\t\t<\/div>\n\t\t<\/div>\n\t\t\t\t\t<\/div>\n\t\t<\/section>\n\t\t\t\t<section class=\"elementor-section elementor-top-section elementor-element elementor-element-6e97bb2 elementor-section-boxed elementor-section-height-default elementor-section-height-default\" data-id=\"6e97bb2\" data-element_type=\"section\">\n\t\t\t\t\t\t<div class=\"elementor-container elementor-column-gap-default\">\n\t\t\t\t\t<div class=\"elementor-column elementor-col-100 elementor-top-column elementor-element elementor-element-a61a60e\" data-id=\"a61a60e\" data-element_type=\"column\">\n\t\t\t<div class=\"elementor-widget-wrap elementor-element-populated\">\n\t\t\t\t\t\t<div class=\"elementor-element elementor-element-c435617 elementor-widget elementor-widget-text-editor\" data-id=\"c435617\" data-element_type=\"widget\" data-widget_type=\"text-editor.default\">\n\t\t\t\t\t\t\t\t\t<p>Le Directeur G\u00e9n\u00e9ral du BCeCo a rappel\u00e9 le cadre dans lequel se situe cet ouvrage. A cet effet, il a rappel\u00e9 que ce projet est l\u2019une des r\u00e9ponses du Chef de l\u2019Etat, Son Excellence Monsieur Felix Antoine Tshisekedi Tshilombo aux d\u00e9sid\u00e9ratas de la population du Kasa\u00ef Central recueillis au mois de d\u00e9cembre 2021 lors de sa tourn\u00e9e dans la Province du Kasa\u00ef Central.<\/p><p>\u00ab <em>Pendant que le Programme de D\u00e9veloppement Local de 145 territoires, PDL-145 T est mis en \u0153uvre et est en cours d\u2019ex\u00e9cution pour la construction et l\u2019\u00e9quipement des \u00e9coles, des centres de sant\u00e9 et des b\u00e2timents administratifs dans les 5 territoires du Kasa\u00ef Central, le Pr\u00e9sident de la R\u00e9publique vient d\u2019initier un autre Projet d\u2019Urgence de Construction et de R\u00e9habilitation des infrastructures Sociales de Base dans la ville de Kananga ; notamment : &#8211; la r\u00e9habilitation et la modernisation de l\u2019H\u00f4pital Provincial G\u00e9n\u00e9ral de R\u00e9f\u00e9rence de Kananga, en sigle HPGRK, de la clinique et du laboratoire central<\/em> \u00bb, a poursuivi le Directeur G\u00e9n\u00e9ral du BCeCo.<\/p>\t\t\t\t\t\t\t\t<\/div>\n\t\t\t\t\t<\/div>\n\t\t<\/div>\n\t\t\t\t\t<\/div>\n\t\t<\/section>\n\t\t\t\t<section class=\"elementor-section elementor-top-section elementor-element elementor-element-dc04dea elementor-section-boxed elementor-section-height-default elementor-section-height-default\" data-id=\"dc04dea\" data-element_type=\"section\">\n\t\t\t\t\t\t<div class=\"elementor-container elementor-column-gap-default\">\n\t\t\t\t\t<div class=\"elementor-column elementor-col-50 elementor-top-column elementor-element elementor-element-e9bc319\" data-id=\"e9bc319\" data-element_type=\"column\">\n\t\t\t<div class=\"elementor-widget-wrap elementor-element-populated\">\n\t\t\t\t\t\t<div class=\"elementor-element elementor-element-b6760c3 elementor-widget elementor-widget-image\" data-id=\"b6760c3\" data-element_type=\"widget\" data-widget_type=\"image.default\">\n\t\t\t\t\t\t\t\t\t\t\t\t\t\t\t<img decoding=\"async\" width=\"960\" height=\"694\" src=\"https:\/\/ikar.dev\/bceco-v2\/wp-content\/uploads\/2023\/03\/morgue_4-960x694.jpg\" class=\"attachment-large size-large wp-image-28510\" alt=\"\" \/>\t\t\t\t\t\t\t\t\t\t\t\t\t\t\t<\/div>\n\t\t\t\t\t<\/div>\n\t\t<\/div>\n\t\t\t\t<div class=\"elementor-column elementor-col-50 elementor-top-column elementor-element elementor-element-089571b\" data-id=\"089571b\" data-element_type=\"column\">\n\t\t\t<div class=\"elementor-widget-wrap elementor-element-populated\">\n\t\t\t\t\t\t<div class=\"elementor-element elementor-element-fabe246 elementor-widget elementor-widget-image\" data-id=\"fabe246\" data-element_type=\"widget\" data-widget_type=\"image.default\">\n\t\t\t\t\t\t\t\t\t\t\t\t\t\t\t<img loading=\"lazy\" decoding=\"async\" width=\"960\" height=\"694\" src=\"https:\/\/ikar.dev\/bceco-v2\/wp-content\/uploads\/2023\/03\/morgue_5-960x694.jpg\" class=\"attachment-large size-large wp-image-28509\" alt=\"\" \/>\t\t\t\t\t\t\t\t\t\t\t\t\t\t\t<\/div>\n\t\t\t\t\t<\/div>\n\t\t<\/div>\n\t\t\t\t\t<\/div>\n\t\t<\/section>\n\t\t\t\t<section class=\"elementor-section elementor-top-section elementor-element elementor-element-0bfb790 elementor-section-boxed elementor-section-height-default elementor-section-height-default\" data-id=\"0bfb790\" data-element_type=\"section\">\n\t\t\t\t\t\t<div class=\"elementor-container elementor-column-gap-default\">\n\t\t\t\t\t<div class=\"elementor-column elementor-col-100 elementor-top-column elementor-element elementor-element-6bc5642\" data-id=\"6bc5642\" data-element_type=\"column\">\n\t\t\t<div class=\"elementor-widget-wrap elementor-element-populated\">\n\t\t\t\t\t\t<div class=\"elementor-element elementor-element-80853fe elementor-widget elementor-widget-text-editor\" data-id=\"80853fe\" data-element_type=\"widget\" data-widget_type=\"text-editor.default\">\n\t\t\t\t\t\t\t\t\t<p>Par la suite, Monsieur Mabi Mulumba a pr\u00e9sent\u00e9 \u00e0 l\u2019assembl\u00e9e les caract\u00e9ristiques de cette nouvelle morgue. Celle-ci comprend 54 casiers pour les corps, une salle d\u2019embaumement, 2 salles de recueillement pour les familles, une salle d\u2019autopsie ainsi que les bureaux pour les services m\u00e9dico-l\u00e9gal et ceux de la morgue. La morgue sera aliment\u00e9e en eau par forage et en \u00e9lectricit\u00e9 par un syst\u00e8me photo volta\u00efque. Profitant de cette occasion, Monsieur Mabi a salu\u00e9 le leadership et l\u2019initiative du Pr\u00e9sident de la R\u00e9publique, Son Excellence Monsieur Felix Antoine TSHISEKEDI TSHILOMBO, de doter la ville de Kananga d\u2019une morgue construite aux normes internationales afin d\u2019\u00e9viter d\u2019enterrer ses morts comme jadis dans la pr\u00e9cipitation quelle que soit l\u2019heure. Il a \u00e9galement f\u00e9licit\u00e9 le Gouvernement Provincial sous la direction \u00e9clair\u00e9e du Gouverneur de Province, Son Excellence Monsieur John Kabeya Shikay qui a confi\u00e9 la maitrise d\u2019ouvrage au BCeCo pour r\u00e9aliser le projet en commen\u00e7ant par la construction de la morgue.<\/p>\t\t\t\t\t\t\t\t<\/div>\n\t\t\t\t\t<\/div>\n\t\t<\/div>\n\t\t\t\t\t<\/div>\n\t\t<\/section>\n\t\t\t\t<section class=\"elementor-section elementor-top-section elementor-element elementor-element-b6875dc elementor-section-boxed elementor-section-height-default elementor-section-height-default\" data-id=\"b6875dc\" data-element_type=\"section\">\n\t\t\t\t\t\t<div class=\"elementor-container elementor-column-gap-default\">\n\t\t\t\t\t<div class=\"elementor-column elementor-col-50 elementor-top-column elementor-element elementor-element-5d74c6d\" data-id=\"5d74c6d\" data-element_type=\"column\">\n\t\t\t<div class=\"elementor-widget-wrap elementor-element-populated\">\n\t\t\t\t\t\t<div class=\"elementor-element elementor-element-35f82cc elementor-widget elementor-widget-image\" data-id=\"35f82cc\" data-element_type=\"widget\" data-widget_type=\"image.default\">\n\t\t\t\t\t\t\t\t\t\t\t\t\t\t\t<img loading=\"lazy\" decoding=\"async\" width=\"1080\" height=\"694\" src=\"https:\/\/ikar.dev\/bceco-v2\/wp-content\/uploads\/2023\/03\/morgue_6-1080x694.jpg\" class=\"attachment-large size-large wp-image-28508\" alt=\"\" \/>\t\t\t\t\t\t\t\t\t\t\t\t\t\t\t<\/div>\n\t\t\t\t\t<\/div>\n\t\t<\/div>\n\t\t\t\t<div class=\"elementor-column elementor-col-50 elementor-top-column elementor-element elementor-element-d299578\" data-id=\"d299578\" data-element_type=\"column\">\n\t\t\t<div class=\"elementor-widget-wrap elementor-element-populated\">\n\t\t\t\t\t\t<div class=\"elementor-element elementor-element-81ce086 elementor-widget elementor-widget-image\" data-id=\"81ce086\" data-element_type=\"widget\" data-widget_type=\"image.default\">\n\t\t\t\t\t\t\t\t\t\t\t\t\t\t\t<img loading=\"lazy\" decoding=\"async\" width=\"1080\" height=\"694\" src=\"https:\/\/ikar.dev\/bceco-v2\/wp-content\/uploads\/2023\/03\/morgue_3-1080x694.jpg\" class=\"attachment-large size-large wp-image-28511\" alt=\"\" \/>\t\t\t\t\t\t\t\t\t\t\t\t\t\t\t<\/div>\n\t\t\t\t\t<\/div>\n\t\t<\/div>\n\t\t\t\t\t<\/div>\n\t\t<\/section>\n\t\t\t\t<section class=\"elementor-section elementor-top-section elementor-element elementor-element-015b09a elementor-section-boxed elementor-section-height-default elementor-section-height-default\" data-id=\"015b09a\" data-element_type=\"section\">\n\t\t\t\t\t\t<div class=\"elementor-container elementor-column-gap-default\">\n\t\t\t\t\t<div class=\"elementor-column elementor-col-100 elementor-top-column elementor-element elementor-element-52d036a\" data-id=\"52d036a\" data-element_type=\"column\">\n\t\t\t<div class=\"elementor-widget-wrap elementor-element-populated\">\n\t\t\t\t\t\t<div class=\"elementor-element elementor-element-1d8f3bb elementor-widget elementor-widget-text-editor\" data-id=\"1d8f3bb\" data-element_type=\"widget\" data-widget_type=\"text-editor.default\">\n\t\t\t\t\t\t\t\t\t<p>En effet, le BCeCo s\u2019est engag\u00e9 de finaliser toutes les autres infrastructures pour lesquelles les \u00e9tudes sont finies et les prestataires identifi\u00e9s dans un d\u00e9lai ne d\u00e9passant pas six mois. Pour votre information, en sa qualit\u00e9 de Ma\u00eetre d\u2019Ouvrage D\u00e9l\u00e9gu\u00e9, le BCeCo a attribu\u00e9 \u00e0 SAFRIMEX les travaux de construction de ladite morgue apr\u00e8s un processus comp\u00e9titif et transparent de passation des march\u00e9s. La mission de contr\u00f4le sera assur\u00e9e par le Bureau d\u2019\u00e9tudes Tropiques Architectures et la surveillance par le Bureau Technique du Contr\u00f4le \u00ab BTC \u00bb, a-t-il conclu.<\/p><p>Pour leur part, la Ministre Provinciale de la Sant\u00e9 et le M\u00e9decin Directeur du HPGRK ont remerci\u00e9 le Chef de l\u2019Etat pour cet acte qui va permettre a la population de Kananga d\u2019enterrer ses morts dans la dignit\u00e9 africaine. Il sied de signaler que cette c\u00e9r\u00e9monie a connu une grande affluence de toute la notabilit\u00e9 de la province dont le Pr\u00e9sident de l\u2019Assembl\u00e9e Provinciale, des D\u00e9putes Nationaux et Provinciaux et des Ministres provinciaux.<\/p>\t\t\t\t\t\t\t\t<\/div>\n\t\t\t\t\t<\/div>\n\t\t<\/div>\n\t\t\t\t\t<\/div>\n\t\t<\/section>\n\t\t\t\t<\/div>\n\t\t","protected":false},"excerpt":{"rendered":"<p>Le Gouverneur de la Province du Kasa\u00ef Central, Son Excellence Monsieur John Kabeya Shikay, vient de lancer, ce lundi 27 f\u00e9vrier 2023, les travaux de construction de la nouvelle morgue de l\u2019H\u00f4pital Provincial G\u00e9n\u00e9ral de R\u00e9f\u00e9rence de Kananga, le HPGRK. Trois moments forts ont marqu\u00e9 cette c\u00e9r\u00e9monie. Il s\u2019agit notamment du speech du Directeur G\u00e9n\u00e9ral<\/p>\n","protected":false},"author":1,"featured_media":28501,"comment_status":"open","ping_status":"open","sticky":false,"template":"","format":"standard","meta":{"footnotes":""},"categories":[69],"tags":[64],"class_list":["post-28500","post","type-post","status-publish","format-standard","has-post-thumbnail","hentry","category-actualites","tag-pdl145t"],"yoast_head":"<!-- This site is optimized with the Yoast SEO plugin v26.7 - https:\/\/yoast.com\/wordpress\/plugins\/seo\/ -->\n<title>Lancement des travaux de construction de la morgue de Kananga - Bureau Central de Coordination<\/title>\n<meta name=\"robots\" content=\"index, follow, max-snippet:-1, max-image-preview:large, max-video-preview:-1\" \/>\n<link rel=\"canonical\" href=\"https:\/\/ikar.dev\/bceco-v2\/lancement-des-travaux-de-construction-de-la-morgue-de-kananga\/\" \/>\n<meta property=\"og:locale\" content=\"en_US\" \/>\n<meta property=\"og:type\" content=\"article\" \/>\n<meta property=\"og:title\" content=\"Lancement des travaux de construction de la morgue de Kananga - Bureau Central de Coordination\" \/>\n<meta property=\"og:description\" content=\"Le Gouverneur de la Province du Kasa\u00ef Central, Son Excellence Monsieur John Kabeya Shikay, vient de lancer, ce lundi 27 f\u00e9vrier 2023, les travaux de construction de la nouvelle morgue de l\u2019H\u00f4pital Provincial G\u00e9n\u00e9ral de R\u00e9f\u00e9rence de Kananga, le HPGRK. Trois moments forts ont marqu\u00e9 cette c\u00e9r\u00e9monie. Il s\u2019agit notamment du speech du Directeur G\u00e9n\u00e9ral\" \/>\n<meta property=\"og:url\" content=\"https:\/\/ikar.dev\/bceco-v2\/lancement-des-travaux-de-construction-de-la-morgue-de-kananga\/\" \/>\n<meta property=\"og:site_name\" content=\"Bureau Central de Coordination\" \/>\n<meta property=\"article:publisher\" content=\"https:\/\/www.facebook.com\/BCeCoRDC\" \/>\n<meta property=\"article:published_time\" content=\"2023-03-01T07:58:01+00:00\" \/>\n<meta property=\"og:image\" content=\"https:\/\/ikar.dev\/bceco-v2\/wp-content\/uploads\/2023\/03\/morgue1.jpg\" \/>\n<meta name=\"author\" content=\"bceco\" \/>\n<meta name=\"twitter:card\" content=\"summary_large_image\" \/>\n<meta name=\"twitter:creator\" content=\"@BCeCoRDC\" \/>\n<meta name=\"twitter:site\" content=\"@BCeCoRDC\" \/>\n<meta name=\"twitter:label1\" content=\"Written by\" \/>\n\t<meta name=\"twitter:data1\" content=\"bceco\" \/>\n\t<meta name=\"twitter:label2\" content=\"Est. reading time\" \/>\n\t<meta name=\"twitter:data2\" content=\"3 minutes\" \/>\n<script type=\"application\/ld+json\" class=\"yoast-schema-graph\">{\"@context\":\"https:\/\/schema.org\",\"@graph\":[{\"@type\":\"Article\",\"@id\":\"https:\/\/ikar.dev\/bceco-v2\/lancement-des-travaux-de-construction-de-la-morgue-de-kananga\/#article\",\"isPartOf\":{\"@id\":\"https:\/\/ikar.dev\/bceco-v2\/lancement-des-travaux-de-construction-de-la-morgue-de-kananga\/\"},\"author\":{\"name\":\"bceco\",\"@id\":\"https:\/\/ikar.dev\/bceco-v2\/#\/schema\/person\/6ee74807ffb016a78852fec6a295d503\"},\"headline\":\"Lancement des travaux de construction de la morgue de Kananga\",\"datePublished\":\"2023-03-01T07:58:01+00:00\",\"mainEntityOfPage\":{\"@id\":\"https:\/\/ikar.dev\/bceco-v2\/lancement-des-travaux-de-construction-de-la-morgue-de-kananga\/\"},\"wordCount\":669,\"commentCount\":1,\"publisher\":{\"@id\":\"https:\/\/ikar.dev\/bceco-v2\/#organization\"},\"image\":{\"@id\":\"https:\/\/ikar.dev\/bceco-v2\/lancement-des-travaux-de-construction-de-la-morgue-de-kananga\/#primaryimage\"},\"thumbnailUrl\":\"https:\/\/ikar.dev\/bceco-v2\/wp-content\/uploads\/2023\/03\/pierre.jpg\",\"keywords\":[\"PDL145T\"],\"articleSection\":[\"Actualit\u00e9s\"],\"inLanguage\":\"en-US\",\"potentialAction\":[{\"@type\":\"CommentAction\",\"name\":\"Comment\",\"target\":[\"https:\/\/ikar.dev\/bceco-v2\/lancement-des-travaux-de-construction-de-la-morgue-de-kananga\/#respond\"]}]},{\"@type\":\"WebPage\",\"@id\":\"https:\/\/ikar.dev\/bceco-v2\/lancement-des-travaux-de-construction-de-la-morgue-de-kananga\/\",\"url\":\"https:\/\/ikar.dev\/bceco-v2\/lancement-des-travaux-de-construction-de-la-morgue-de-kananga\/\",\"name\":\"Lancement des travaux de construction de la morgue de Kananga - Bureau Central de Coordination\",\"isPartOf\":{\"@id\":\"https:\/\/ikar.dev\/bceco-v2\/#website\"},\"primaryImageOfPage\":{\"@id\":\"https:\/\/ikar.dev\/bceco-v2\/lancement-des-travaux-de-construction-de-la-morgue-de-kananga\/#primaryimage\"},\"image\":{\"@id\":\"https:\/\/ikar.dev\/bceco-v2\/lancement-des-travaux-de-construction-de-la-morgue-de-kananga\/#primaryimage\"},\"thumbnailUrl\":\"https:\/\/ikar.dev\/bceco-v2\/wp-content\/uploads\/2023\/03\/pierre.jpg\",\"datePublished\":\"2023-03-01T07:58:01+00:00\",\"breadcrumb\":{\"@id\":\"https:\/\/ikar.dev\/bceco-v2\/lancement-des-travaux-de-construction-de-la-morgue-de-kananga\/#breadcrumb\"},\"inLanguage\":\"en-US\",\"potentialAction\":[{\"@type\":\"ReadAction\",\"target\":[\"https:\/\/ikar.dev\/bceco-v2\/lancement-des-travaux-de-construction-de-la-morgue-de-kananga\/\"]}]},{\"@type\":\"ImageObject\",\"inLanguage\":\"en-US\",\"@id\":\"https:\/\/ikar.dev\/bceco-v2\/lancement-des-travaux-de-construction-de-la-morgue-de-kananga\/#primaryimage\",\"url\":\"https:\/\/ikar.dev\/bceco-v2\/wp-content\/uploads\/2023\/03\/pierre.jpg\",\"contentUrl\":\"https:\/\/ikar.dev\/bceco-v2\/wp-content\/uploads\/2023\/03\/pierre.jpg\",\"width\":1080,\"height\":720},{\"@type\":\"BreadcrumbList\",\"@id\":\"https:\/\/ikar.dev\/bceco-v2\/lancement-des-travaux-de-construction-de-la-morgue-de-kananga\/#breadcrumb\",\"itemListElement\":[{\"@type\":\"ListItem\",\"position\":1,\"name\":\"Accueil\",\"item\":\"https:\/\/ikar.dev\/bceco-v2\/\"},{\"@type\":\"ListItem\",\"position\":2,\"name\":\"Lancement des travaux de construction de la morgue de Kananga\"}]},{\"@type\":\"WebSite\",\"@id\":\"https:\/\/ikar.dev\/bceco-v2\/#website\",\"url\":\"https:\/\/ikar.dev\/bceco-v2\/\",\"name\":\"Bureau Central de Coordination\",\"description\":\"B.Ce.Co \u2013 Au c\u0153ur de l\u2019ex\u00e9cution des projets de d\u00e9veloppement en RDC\",\"publisher\":{\"@id\":\"https:\/\/ikar.dev\/bceco-v2\/#organization\"},\"potentialAction\":[{\"@type\":\"SearchAction\",\"target\":{\"@type\":\"EntryPoint\",\"urlTemplate\":\"https:\/\/ikar.dev\/bceco-v2\/?s={search_term_string}\"},\"query-input\":{\"@type\":\"PropertyValueSpecification\",\"valueRequired\":true,\"valueName\":\"search_term_string\"}}],\"inLanguage\":\"en-US\"},{\"@type\":\"Organization\",\"@id\":\"https:\/\/ikar.dev\/bceco-v2\/#organization\",\"name\":\"Bureau Central de Coordination\",\"url\":\"https:\/\/ikar.dev\/bceco-v2\/\",\"logo\":{\"@type\":\"ImageObject\",\"inLanguage\":\"en-US\",\"@id\":\"https:\/\/ikar.dev\/bceco-v2\/#\/schema\/logo\/image\/\",\"url\":\"https:\/\/ikar.dev\/bceco-v2\/wp-content\/uploads\/2025\/12\/BCECO-Bureau-Central-de-Coordination.jpg\",\"contentUrl\":\"https:\/\/ikar.dev\/bceco-v2\/wp-content\/uploads\/2025\/12\/BCECO-Bureau-Central-de-Coordination.jpg\",\"width\":2048,\"height\":2048,\"caption\":\"Bureau Central de Coordination\"},\"image\":{\"@id\":\"https:\/\/ikar.dev\/bceco-v2\/#\/schema\/logo\/image\/\"},\"sameAs\":[\"https:\/\/www.facebook.com\/BCeCoRDC\",\"https:\/\/x.com\/BCeCoRDC\"]},{\"@type\":\"Person\",\"@id\":\"https:\/\/ikar.dev\/bceco-v2\/#\/schema\/person\/6ee74807ffb016a78852fec6a295d503\",\"name\":\"bceco\",\"image\":{\"@type\":\"ImageObject\",\"inLanguage\":\"en-US\",\"@id\":\"https:\/\/ikar.dev\/bceco-v2\/#\/schema\/person\/image\/\",\"url\":\"https:\/\/secure.gravatar.com\/avatar\/55c07e1707f50774ef3c842c9d074773a6b558a20fbd1608c8e4871bc88f3455?s=96&d=mm&r=g\",\"contentUrl\":\"https:\/\/secure.gravatar.com\/avatar\/55c07e1707f50774ef3c842c9d074773a6b558a20fbd1608c8e4871bc88f3455?s=96&d=mm&r=g\",\"caption\":\"bceco\"},\"sameAs\":[\"https:\/\/ikar.dev\/bceco-v2\"],\"url\":\"https:\/\/ikar.dev\/bceco-v2\/author\/bceco\/\"}]}<\/script>\n<!-- \/ Yoast SEO plugin. -->","yoast_head_json":{"title":"Lancement des travaux de construction de la morgue de Kananga - Bureau Central de Coordination","robots":{"index":"index","follow":"follow","max-snippet":"max-snippet:-1","max-image-preview":"max-image-preview:large","max-video-preview":"max-video-preview:-1"},"canonical":"https:\/\/ikar.dev\/bceco-v2\/lancement-des-travaux-de-construction-de-la-morgue-de-kananga\/","og_locale":"en_US","og_type":"article","og_title":"Lancement des travaux de construction de la morgue de Kananga - Bureau Central de Coordination","og_description":"Le Gouverneur de la Province du Kasa\u00ef Central, Son Excellence Monsieur John Kabeya Shikay, vient de lancer, ce lundi 27 f\u00e9vrier 2023, les travaux de construction de la nouvelle morgue de l\u2019H\u00f4pital Provincial G\u00e9n\u00e9ral de R\u00e9f\u00e9rence de Kananga, le HPGRK. Trois moments forts ont marqu\u00e9 cette c\u00e9r\u00e9monie. Il s\u2019agit notamment du speech du Directeur G\u00e9n\u00e9ral","og_url":"https:\/\/ikar.dev\/bceco-v2\/lancement-des-travaux-de-construction-de-la-morgue-de-kananga\/","og_site_name":"Bureau Central de Coordination","article_publisher":"https:\/\/www.facebook.com\/BCeCoRDC","article_published_time":"2023-03-01T07:58:01+00:00","og_image":[{"url":"https:\/\/ikar.dev\/bceco-v2\/wp-content\/uploads\/2023\/03\/morgue1.jpg","type":"","width":"","height":""}],"author":"bceco","twitter_card":"summary_large_image","twitter_creator":"@BCeCoRDC","twitter_site":"@BCeCoRDC","twitter_misc":{"Written by":"bceco","Est. reading time":"3 minutes"},"schema":{"@context":"https:\/\/schema.org","@graph":[{"@type":"Article","@id":"https:\/\/ikar.dev\/bceco-v2\/lancement-des-travaux-de-construction-de-la-morgue-de-kananga\/#article","isPartOf":{"@id":"https:\/\/ikar.dev\/bceco-v2\/lancement-des-travaux-de-construction-de-la-morgue-de-kananga\/"},"author":{"name":"bceco","@id":"https:\/\/ikar.dev\/bceco-v2\/#\/schema\/person\/6ee74807ffb016a78852fec6a295d503"},"headline":"Lancement des travaux de construction de la morgue de Kananga","datePublished":"2023-03-01T07:58:01+00:00","mainEntityOfPage":{"@id":"https:\/\/ikar.dev\/bceco-v2\/lancement-des-travaux-de-construction-de-la-morgue-de-kananga\/"},"wordCount":669,"commentCount":1,"publisher":{"@id":"https:\/\/ikar.dev\/bceco-v2\/#organization"},"image":{"@id":"https:\/\/ikar.dev\/bceco-v2\/lancement-des-travaux-de-construction-de-la-morgue-de-kananga\/#primaryimage"},"thumbnailUrl":"https:\/\/ikar.dev\/bceco-v2\/wp-content\/uploads\/2023\/03\/pierre.jpg","keywords":["PDL145T"],"articleSection":["Actualit\u00e9s"],"inLanguage":"en-US","potentialAction":[{"@type":"CommentAction","name":"Comment","target":["https:\/\/ikar.dev\/bceco-v2\/lancement-des-travaux-de-construction-de-la-morgue-de-kananga\/#respond"]}]},{"@type":"WebPage","@id":"https:\/\/ikar.dev\/bceco-v2\/lancement-des-travaux-de-construction-de-la-morgue-de-kananga\/","url":"https:\/\/ikar.dev\/bceco-v2\/lancement-des-travaux-de-construction-de-la-morgue-de-kananga\/","name":"Lancement des travaux de construction de la morgue de Kananga - Bureau Central de Coordination","isPartOf":{"@id":"https:\/\/ikar.dev\/bceco-v2\/#website"},"primaryImageOfPage":{"@id":"https:\/\/ikar.dev\/bceco-v2\/lancement-des-travaux-de-construction-de-la-morgue-de-kananga\/#primaryimage"},"image":{"@id":"https:\/\/ikar.dev\/bceco-v2\/lancement-des-travaux-de-construction-de-la-morgue-de-kananga\/#primaryimage"},"thumbnailUrl":"https:\/\/ikar.dev\/bceco-v2\/wp-content\/uploads\/2023\/03\/pierre.jpg","datePublished":"2023-03-01T07:58:01+00:00","breadcrumb":{"@id":"https:\/\/ikar.dev\/bceco-v2\/lancement-des-travaux-de-construction-de-la-morgue-de-kananga\/#breadcrumb"},"inLanguage":"en-US","potentialAction":[{"@type":"ReadAction","target":["https:\/\/ikar.dev\/bceco-v2\/lancement-des-travaux-de-construction-de-la-morgue-de-kananga\/"]}]},{"@type":"ImageObject","inLanguage":"en-US","@id":"https:\/\/ikar.dev\/bceco-v2\/lancement-des-travaux-de-construction-de-la-morgue-de-kananga\/#primaryimage","url":"https:\/\/ikar.dev\/bceco-v2\/wp-content\/uploads\/2023\/03\/pierre.jpg","contentUrl":"https:\/\/ikar.dev\/bceco-v2\/wp-content\/uploads\/2023\/03\/pierre.jpg","width":1080,"height":720},{"@type":"BreadcrumbList","@id":"https:\/\/ikar.dev\/bceco-v2\/lancement-des-travaux-de-construction-de-la-morgue-de-kananga\/#breadcrumb","itemListElement":[{"@type":"ListItem","position":1,"name":"Accueil","item":"https:\/\/ikar.dev\/bceco-v2\/"},{"@type":"ListItem","position":2,"name":"Lancement des travaux de construction de la morgue de Kananga"}]},{"@type":"WebSite","@id":"https:\/\/ikar.dev\/bceco-v2\/#website","url":"https:\/\/ikar.dev\/bceco-v2\/","name":"Bureau Central de Coordination","description":"B.Ce.Co \u2013 Au c\u0153ur de l\u2019ex\u00e9cution des projets de d\u00e9veloppement en RDC","publisher":{"@id":"https:\/\/ikar.dev\/bceco-v2\/#organization"},"potentialAction":[{"@type":"SearchAction","target":{"@type":"EntryPoint","urlTemplate":"https:\/\/ikar.dev\/bceco-v2\/?s={search_term_string}"},"query-input":{"@type":"PropertyValueSpecification","valueRequired":true,"valueName":"search_term_string"}}],"inLanguage":"en-US"},{"@type":"Organization","@id":"https:\/\/ikar.dev\/bceco-v2\/#organization","name":"Bureau Central de Coordination","url":"https:\/\/ikar.dev\/bceco-v2\/","logo":{"@type":"ImageObject","inLanguage":"en-US","@id":"https:\/\/ikar.dev\/bceco-v2\/#\/schema\/logo\/image\/","url":"https:\/\/ikar.dev\/bceco-v2\/wp-content\/uploads\/2025\/12\/BCECO-Bureau-Central-de-Coordination.jpg","contentUrl":"https:\/\/ikar.dev\/bceco-v2\/wp-content\/uploads\/2025\/12\/BCECO-Bureau-Central-de-Coordination.jpg","width":2048,"height":2048,"caption":"Bureau Central de Coordination"},"image":{"@id":"https:\/\/ikar.dev\/bceco-v2\/#\/schema\/logo\/image\/"},"sameAs":["https:\/\/www.facebook.com\/BCeCoRDC","https:\/\/x.com\/BCeCoRDC"]},{"@type":"Person","@id":"https:\/\/ikar.dev\/bceco-v2\/#\/schema\/person\/6ee74807ffb016a78852fec6a295d503","name":"bceco","image":{"@type":"ImageObject","inLanguage":"en-US","@id":"https:\/\/ikar.dev\/bceco-v2\/#\/schema\/person\/image\/","url":"https:\/\/secure.gravatar.com\/avatar\/55c07e1707f50774ef3c842c9d074773a6b558a20fbd1608c8e4871bc88f3455?s=96&d=mm&r=g","contentUrl":"https:\/\/secure.gravatar.com\/avatar\/55c07e1707f50774ef3c842c9d074773a6b558a20fbd1608c8e4871bc88f3455?s=96&d=mm&r=g","caption":"bceco"},"sameAs":["https:\/\/ikar.dev\/bceco-v2"],"url":"https:\/\/ikar.dev\/bceco-v2\/author\/bceco\/"}]}},"_links":{"self":[{"href":"https:\/\/ikar.dev\/bceco-v2\/wp-json\/wp\/v2\/posts\/28500","targetHints":{"allow":["GET"]}}],"collection":[{"href":"https:\/\/ikar.dev\/bceco-v2\/wp-json\/wp\/v2\/posts"}],"about":[{"href":"https:\/\/ikar.dev\/bceco-v2\/wp-json\/wp\/v2\/types\/post"}],"author":[{"embeddable":true,"href":"https:\/\/ikar.dev\/bceco-v2\/wp-json\/wp\/v2\/users\/1"}],"replies":[{"embeddable":true,"href":"https:\/\/ikar.dev\/bceco-v2\/wp-json\/wp\/v2\/comments?post=28500"}],"version-history":[{"count":0,"href":"https:\/\/ikar.dev\/bceco-v2\/wp-json\/wp\/v2\/posts\/28500\/revisions"}],"wp:featuredmedia":[{"embeddable":true,"href":"https:\/\/ikar.dev\/bceco-v2\/wp-json\/wp\/v2\/media\/28501"}],"wp:attachment":[{"href":"https:\/\/ikar.dev\/bceco-v2\/wp-json\/wp\/v2\/media?parent=28500"}],"wp:term":[{"taxonomy":"category","embeddable":true,"href":"https:\/\/ikar.dev\/bceco-v2\/wp-json\/wp\/v2\/categories?post=28500"},{"taxonomy":"post_tag","embeddable":true,"href":"https:\/\/ikar.dev\/bceco-v2\/wp-json\/wp\/v2\/tags?post=28500"}],"curies":[{"name":"wp","href":"https:\/\/api.w.org\/{rel}","templated":true}]}}