{"id":20413,"date":"2022-11-09T08:47:43","date_gmt":"2022-11-09T08:47:43","guid":{"rendered":"https:\/\/keenitsolutions.com\/products\/wordpress\/dabble\/?p=297"},"modified":"2022-11-09T08:47:43","modified_gmt":"2022-11-09T08:47:43","slug":"developpement-de-145-territoires-ces-travaux-seront-finis-dici-6-mois-assure-le-bceco-au-kasai-central","status":"publish","type":"post","link":"https:\/\/ikar.dev\/bceco-v2\/developpement-de-145-territoires-ces-travaux-seront-finis-dici-6-mois-assure-le-bceco-au-kasai-central\/","title":{"rendered":"D\u00e9veloppement de 145 territoires : \u00ab Ces travaux seront finis d\u2019ici 6 mois \u00bb, assure le BCECO au Kasa\u00ef-Central"},"content":{"rendered":"<p>Le Bureau central de coordination(BCECO) confirme le d\u00e9marrage des travaux de d\u00e9veloppement de 145 territoires, au Kasa\u00ef-Central.<\/p>\n<p>Invit\u00e9 de Radio Okapi, le coordonnateur provincial de cet \u00e9tablissement public, Jean-Fran\u00e7ois Malangu assure que des agences locales d\u2019ex\u00e9cution d\u00e9ploy\u00e9es sont d\u00e9j\u00e0 \u00e0 l\u2019\u0153uvre dans les territoires de Dimbelenge, Kazumba et Luiza.<\/p>\n<p>Il assure \u00e9galement que ces ouvrages (\u00e9coles, centre de sant\u00e9 et autres) seront pr\u00eats dans 6 mois.<\/p>\n<blockquote><p>\u00ab\u00a0<em>Ces travaux seront finis, d\u2019apr\u00e8s le planning qui nous a \u00e9t\u00e9 d\u00e9pos\u00e9, d\u2019ici 6 mois\u00a0<\/em>\u00bb, a affirm\u00e9 le coordonnateur provincial du BCECO au Kasa\u00ef-Central<\/p><\/blockquote>\n<h3><em><strong>Jean-Fran\u00e7ois Malangu s\u2019entretient avec Francois Kadima.Jean-Fran\u00e7ois Malangu s\u2019entretient avec Francois Kadima.<\/strong><\/em><\/h3>\n<p>Jean-Fran\u00e7ois Malangu a sollicit\u00e9 ainsi l\u2019implication de toutes les forces vices de cette province pour la sauvegarde de ces ouvrages publics.<\/p>\n<p>Ces travaux sont financ\u00e9s sur fonds propres du Gouvernement \u00e0 hauteur de dix millions USD, pour les cinq territoires du Kasa\u00ef-Central.<\/p>\n","protected":false},"excerpt":{"rendered":"<p>Le Bureau central de coordination(BCECO) confirme le d\u00e9marrage des travaux de d\u00e9veloppement de 145 territoires, au Kasa\u00ef-Central. Invit\u00e9 de Radio Okapi, le coordonnateur provincial de cet \u00e9tablissement public, Jean-Fran\u00e7ois Malangu assure que des agences locales d\u2019ex\u00e9cution d\u00e9ploy\u00e9es sont d\u00e9j\u00e0 \u00e0 l\u2019\u0153uvre dans les territoires de Dimbelenge, Kazumba et Luiza. Il assure \u00e9galement que ces ouvrages<\/p>\n","protected":false},"author":1,"featured_media":27775,"comment_status":"open","ping_status":"open","sticky":false,"template":"","format":"standard","meta":{"footnotes":""},"categories":[61],"tags":[66,67,68,64],"class_list":["post-20413","post","type-post","status-publish","format-standard","has-post-thumbnail","hentry","category-pdl145t","tag-developpement","tag-execution","tag-infrastructures","tag-pdl145t"],"yoast_head":"<!-- This site is optimized with the Yoast SEO plugin v26.7 - https:\/\/yoast.com\/wordpress\/plugins\/seo\/ -->\n<title>D\u00e9veloppement de 145 territoires : \u00ab Ces travaux seront finis d\u2019ici 6 mois \u00bb, assure le BCECO au Kasa\u00ef-Central - Bureau Central de Coordination<\/title>\n<meta name=\"robots\" content=\"index, follow, max-snippet:-1, max-image-preview:large, max-video-preview:-1\" \/>\n<link rel=\"canonical\" href=\"https:\/\/ikar.dev\/bceco-v2\/developpement-de-145-territoires-ces-travaux-seront-finis-dici-6-mois-assure-le-bceco-au-kasai-central\/\" \/>\n<meta property=\"og:locale\" content=\"en_US\" \/>\n<meta property=\"og:type\" content=\"article\" \/>\n<meta property=\"og:title\" content=\"D\u00e9veloppement de 145 territoires : \u00ab Ces travaux seront finis d\u2019ici 6 mois \u00bb, assure le BCECO au Kasa\u00ef-Central - Bureau Central de Coordination\" \/>\n<meta property=\"og:description\" content=\"Le Bureau central de coordination(BCECO) confirme le d\u00e9marrage des travaux de d\u00e9veloppement de 145 territoires, au Kasa\u00ef-Central. Invit\u00e9 de Radio Okapi, le coordonnateur provincial de cet \u00e9tablissement public, Jean-Fran\u00e7ois Malangu assure que des agences locales d\u2019ex\u00e9cution d\u00e9ploy\u00e9es sont d\u00e9j\u00e0 \u00e0 l\u2019\u0153uvre dans les territoires de Dimbelenge, Kazumba et Luiza. Il assure \u00e9galement que ces ouvrages\" \/>\n<meta property=\"og:url\" content=\"https:\/\/ikar.dev\/bceco-v2\/developpement-de-145-territoires-ces-travaux-seront-finis-dici-6-mois-assure-le-bceco-au-kasai-central\/\" \/>\n<meta property=\"og:site_name\" content=\"Bureau Central de Coordination\" \/>\n<meta property=\"article:publisher\" content=\"https:\/\/www.facebook.com\/BCeCoRDC\" \/>\n<meta property=\"article:published_time\" content=\"2022-11-09T08:47:43+00:00\" \/>\n<meta name=\"author\" content=\"bceco\" \/>\n<meta name=\"twitter:card\" content=\"summary_large_image\" \/>\n<meta name=\"twitter:creator\" content=\"@BCeCoRDC\" \/>\n<meta name=\"twitter:site\" content=\"@BCeCoRDC\" \/>\n<meta name=\"twitter:label1\" content=\"Written by\" \/>\n\t<meta name=\"twitter:data1\" content=\"bceco\" \/>\n\t<meta name=\"twitter:label2\" content=\"Est. reading time\" \/>\n\t<meta name=\"twitter:data2\" content=\"1 minute\" \/>\n<script type=\"application\/ld+json\" class=\"yoast-schema-graph\">{\"@context\":\"https:\/\/schema.org\",\"@graph\":[{\"@type\":\"Article\",\"@id\":\"https:\/\/ikar.dev\/bceco-v2\/developpement-de-145-territoires-ces-travaux-seront-finis-dici-6-mois-assure-le-bceco-au-kasai-central\/#article\",\"isPartOf\":{\"@id\":\"https:\/\/ikar.dev\/bceco-v2\/developpement-de-145-territoires-ces-travaux-seront-finis-dici-6-mois-assure-le-bceco-au-kasai-central\/\"},\"author\":{\"name\":\"bceco\",\"@id\":\"https:\/\/ikar.dev\/bceco-v2\/#\/schema\/person\/6ee74807ffb016a78852fec6a295d503\"},\"headline\":\"D\u00e9veloppement de 145 territoires : \u00ab Ces travaux seront finis d\u2019ici 6 mois \u00bb, assure le BCECO au Kasa\u00ef-Central\",\"datePublished\":\"2022-11-09T08:47:43+00:00\",\"mainEntityOfPage\":{\"@id\":\"https:\/\/ikar.dev\/bceco-v2\/developpement-de-145-territoires-ces-travaux-seront-finis-dici-6-mois-assure-le-bceco-au-kasai-central\/\"},\"wordCount\":181,\"commentCount\":1,\"publisher\":{\"@id\":\"https:\/\/ikar.dev\/bceco-v2\/#organization\"},\"image\":{\"@id\":\"https:\/\/ikar.dev\/bceco-v2\/developpement-de-145-territoires-ces-travaux-seront-finis-dici-6-mois-assure-le-bceco-au-kasai-central\/#primaryimage\"},\"thumbnailUrl\":\"https:\/\/ikar.dev\/bceco-v2\/wp-content\/uploads\/2021\/11\/developpement_145_territoires.jpeg\",\"keywords\":[\"D\u00e9veloppement\",\"Ex\u00e9cution\",\"Infrastructures\",\"PDL145T\"],\"articleSection\":[\"PDL145T\"],\"inLanguage\":\"en-US\",\"potentialAction\":[{\"@type\":\"CommentAction\",\"name\":\"Comment\",\"target\":[\"https:\/\/ikar.dev\/bceco-v2\/developpement-de-145-territoires-ces-travaux-seront-finis-dici-6-mois-assure-le-bceco-au-kasai-central\/#respond\"]}]},{\"@type\":\"WebPage\",\"@id\":\"https:\/\/ikar.dev\/bceco-v2\/developpement-de-145-territoires-ces-travaux-seront-finis-dici-6-mois-assure-le-bceco-au-kasai-central\/\",\"url\":\"https:\/\/ikar.dev\/bceco-v2\/developpement-de-145-territoires-ces-travaux-seront-finis-dici-6-mois-assure-le-bceco-au-kasai-central\/\",\"name\":\"D\u00e9veloppement de 145 territoires : \u00ab Ces travaux seront finis d\u2019ici 6 mois \u00bb, assure le BCECO au Kasa\u00ef-Central - Bureau Central de Coordination\",\"isPartOf\":{\"@id\":\"https:\/\/ikar.dev\/bceco-v2\/#website\"},\"primaryImageOfPage\":{\"@id\":\"https:\/\/ikar.dev\/bceco-v2\/developpement-de-145-territoires-ces-travaux-seront-finis-dici-6-mois-assure-le-bceco-au-kasai-central\/#primaryimage\"},\"image\":{\"@id\":\"https:\/\/ikar.dev\/bceco-v2\/developpement-de-145-territoires-ces-travaux-seront-finis-dici-6-mois-assure-le-bceco-au-kasai-central\/#primaryimage\"},\"thumbnailUrl\":\"https:\/\/ikar.dev\/bceco-v2\/wp-content\/uploads\/2021\/11\/developpement_145_territoires.jpeg\",\"datePublished\":\"2022-11-09T08:47:43+00:00\",\"breadcrumb\":{\"@id\":\"https:\/\/ikar.dev\/bceco-v2\/developpement-de-145-territoires-ces-travaux-seront-finis-dici-6-mois-assure-le-bceco-au-kasai-central\/#breadcrumb\"},\"inLanguage\":\"en-US\",\"potentialAction\":[{\"@type\":\"ReadAction\",\"target\":[\"https:\/\/ikar.dev\/bceco-v2\/developpement-de-145-territoires-ces-travaux-seront-finis-dici-6-mois-assure-le-bceco-au-kasai-central\/\"]}]},{\"@type\":\"ImageObject\",\"inLanguage\":\"en-US\",\"@id\":\"https:\/\/ikar.dev\/bceco-v2\/developpement-de-145-territoires-ces-travaux-seront-finis-dici-6-mois-assure-le-bceco-au-kasai-central\/#primaryimage\",\"url\":\"https:\/\/ikar.dev\/bceco-v2\/wp-content\/uploads\/2021\/11\/developpement_145_territoires.jpeg\",\"contentUrl\":\"https:\/\/ikar.dev\/bceco-v2\/wp-content\/uploads\/2021\/11\/developpement_145_territoires.jpeg\",\"width\":500,\"height\":332},{\"@type\":\"BreadcrumbList\",\"@id\":\"https:\/\/ikar.dev\/bceco-v2\/developpement-de-145-territoires-ces-travaux-seront-finis-dici-6-mois-assure-le-bceco-au-kasai-central\/#breadcrumb\",\"itemListElement\":[{\"@type\":\"ListItem\",\"position\":1,\"name\":\"Accueil\",\"item\":\"https:\/\/ikar.dev\/bceco-v2\/\"},{\"@type\":\"ListItem\",\"position\":2,\"name\":\"D\u00e9veloppement de 145 territoires : \u00ab Ces travaux seront finis d\u2019ici 6 mois \u00bb, assure le BCECO au Kasa\u00ef-Central\"}]},{\"@type\":\"WebSite\",\"@id\":\"https:\/\/ikar.dev\/bceco-v2\/#website\",\"url\":\"https:\/\/ikar.dev\/bceco-v2\/\",\"name\":\"Bureau Central de Coordination\",\"description\":\"B.Ce.Co \u2013 Au c\u0153ur de l\u2019ex\u00e9cution des projets de d\u00e9veloppement en RDC\",\"publisher\":{\"@id\":\"https:\/\/ikar.dev\/bceco-v2\/#organization\"},\"potentialAction\":[{\"@type\":\"SearchAction\",\"target\":{\"@type\":\"EntryPoint\",\"urlTemplate\":\"https:\/\/ikar.dev\/bceco-v2\/?s={search_term_string}\"},\"query-input\":{\"@type\":\"PropertyValueSpecification\",\"valueRequired\":true,\"valueName\":\"search_term_string\"}}],\"inLanguage\":\"en-US\"},{\"@type\":\"Organization\",\"@id\":\"https:\/\/ikar.dev\/bceco-v2\/#organization\",\"name\":\"Bureau Central de Coordination\",\"url\":\"https:\/\/ikar.dev\/bceco-v2\/\",\"logo\":{\"@type\":\"ImageObject\",\"inLanguage\":\"en-US\",\"@id\":\"https:\/\/ikar.dev\/bceco-v2\/#\/schema\/logo\/image\/\",\"url\":\"https:\/\/ikar.dev\/bceco-v2\/wp-content\/uploads\/2025\/12\/BCECO-Bureau-Central-de-Coordination.jpg\",\"contentUrl\":\"https:\/\/ikar.dev\/bceco-v2\/wp-content\/uploads\/2025\/12\/BCECO-Bureau-Central-de-Coordination.jpg\",\"width\":2048,\"height\":2048,\"caption\":\"Bureau Central de Coordination\"},\"image\":{\"@id\":\"https:\/\/ikar.dev\/bceco-v2\/#\/schema\/logo\/image\/\"},\"sameAs\":[\"https:\/\/www.facebook.com\/BCeCoRDC\",\"https:\/\/x.com\/BCeCoRDC\"]},{\"@type\":\"Person\",\"@id\":\"https:\/\/ikar.dev\/bceco-v2\/#\/schema\/person\/6ee74807ffb016a78852fec6a295d503\",\"name\":\"bceco\",\"image\":{\"@type\":\"ImageObject\",\"inLanguage\":\"en-US\",\"@id\":\"https:\/\/ikar.dev\/bceco-v2\/#\/schema\/person\/image\/\",\"url\":\"https:\/\/secure.gravatar.com\/avatar\/55c07e1707f50774ef3c842c9d074773a6b558a20fbd1608c8e4871bc88f3455?s=96&d=mm&r=g\",\"contentUrl\":\"https:\/\/secure.gravatar.com\/avatar\/55c07e1707f50774ef3c842c9d074773a6b558a20fbd1608c8e4871bc88f3455?s=96&d=mm&r=g\",\"caption\":\"bceco\"},\"sameAs\":[\"https:\/\/ikar.dev\/bceco-v2\"],\"url\":\"https:\/\/ikar.dev\/bceco-v2\/author\/bceco\/\"}]}<\/script>\n<!-- \/ Yoast SEO plugin. -->","yoast_head_json":{"title":"D\u00e9veloppement de 145 territoires : \u00ab Ces travaux seront finis d\u2019ici 6 mois \u00bb, assure le BCECO au Kasa\u00ef-Central - Bureau Central de Coordination","robots":{"index":"index","follow":"follow","max-snippet":"max-snippet:-1","max-image-preview":"max-image-preview:large","max-video-preview":"max-video-preview:-1"},"canonical":"https:\/\/ikar.dev\/bceco-v2\/developpement-de-145-territoires-ces-travaux-seront-finis-dici-6-mois-assure-le-bceco-au-kasai-central\/","og_locale":"en_US","og_type":"article","og_title":"D\u00e9veloppement de 145 territoires : \u00ab Ces travaux seront finis d\u2019ici 6 mois \u00bb, assure le BCECO au Kasa\u00ef-Central - Bureau Central de Coordination","og_description":"Le Bureau central de coordination(BCECO) confirme le d\u00e9marrage des travaux de d\u00e9veloppement de 145 territoires, au Kasa\u00ef-Central. Invit\u00e9 de Radio Okapi, le coordonnateur provincial de cet \u00e9tablissement public, Jean-Fran\u00e7ois Malangu assure que des agences locales d\u2019ex\u00e9cution d\u00e9ploy\u00e9es sont d\u00e9j\u00e0 \u00e0 l\u2019\u0153uvre dans les territoires de Dimbelenge, Kazumba et Luiza. Il assure \u00e9galement que ces ouvrages","og_url":"https:\/\/ikar.dev\/bceco-v2\/developpement-de-145-territoires-ces-travaux-seront-finis-dici-6-mois-assure-le-bceco-au-kasai-central\/","og_site_name":"Bureau Central de Coordination","article_publisher":"https:\/\/www.facebook.com\/BCeCoRDC","article_published_time":"2022-11-09T08:47:43+00:00","author":"bceco","twitter_card":"summary_large_image","twitter_creator":"@BCeCoRDC","twitter_site":"@BCeCoRDC","twitter_misc":{"Written by":"bceco","Est. reading time":"1 minute"},"schema":{"@context":"https:\/\/schema.org","@graph":[{"@type":"Article","@id":"https:\/\/ikar.dev\/bceco-v2\/developpement-de-145-territoires-ces-travaux-seront-finis-dici-6-mois-assure-le-bceco-au-kasai-central\/#article","isPartOf":{"@id":"https:\/\/ikar.dev\/bceco-v2\/developpement-de-145-territoires-ces-travaux-seront-finis-dici-6-mois-assure-le-bceco-au-kasai-central\/"},"author":{"name":"bceco","@id":"https:\/\/ikar.dev\/bceco-v2\/#\/schema\/person\/6ee74807ffb016a78852fec6a295d503"},"headline":"D\u00e9veloppement de 145 territoires : \u00ab Ces travaux seront finis d\u2019ici 6 mois \u00bb, assure le BCECO au Kasa\u00ef-Central","datePublished":"2022-11-09T08:47:43+00:00","mainEntityOfPage":{"@id":"https:\/\/ikar.dev\/bceco-v2\/developpement-de-145-territoires-ces-travaux-seront-finis-dici-6-mois-assure-le-bceco-au-kasai-central\/"},"wordCount":181,"commentCount":1,"publisher":{"@id":"https:\/\/ikar.dev\/bceco-v2\/#organization"},"image":{"@id":"https:\/\/ikar.dev\/bceco-v2\/developpement-de-145-territoires-ces-travaux-seront-finis-dici-6-mois-assure-le-bceco-au-kasai-central\/#primaryimage"},"thumbnailUrl":"https:\/\/ikar.dev\/bceco-v2\/wp-content\/uploads\/2021\/11\/developpement_145_territoires.jpeg","keywords":["D\u00e9veloppement","Ex\u00e9cution","Infrastructures","PDL145T"],"articleSection":["PDL145T"],"inLanguage":"en-US","potentialAction":[{"@type":"CommentAction","name":"Comment","target":["https:\/\/ikar.dev\/bceco-v2\/developpement-de-145-territoires-ces-travaux-seront-finis-dici-6-mois-assure-le-bceco-au-kasai-central\/#respond"]}]},{"@type":"WebPage","@id":"https:\/\/ikar.dev\/bceco-v2\/developpement-de-145-territoires-ces-travaux-seront-finis-dici-6-mois-assure-le-bceco-au-kasai-central\/","url":"https:\/\/ikar.dev\/bceco-v2\/developpement-de-145-territoires-ces-travaux-seront-finis-dici-6-mois-assure-le-bceco-au-kasai-central\/","name":"D\u00e9veloppement de 145 territoires : \u00ab Ces travaux seront finis d\u2019ici 6 mois \u00bb, assure le BCECO au Kasa\u00ef-Central - Bureau Central de Coordination","isPartOf":{"@id":"https:\/\/ikar.dev\/bceco-v2\/#website"},"primaryImageOfPage":{"@id":"https:\/\/ikar.dev\/bceco-v2\/developpement-de-145-territoires-ces-travaux-seront-finis-dici-6-mois-assure-le-bceco-au-kasai-central\/#primaryimage"},"image":{"@id":"https:\/\/ikar.dev\/bceco-v2\/developpement-de-145-territoires-ces-travaux-seront-finis-dici-6-mois-assure-le-bceco-au-kasai-central\/#primaryimage"},"thumbnailUrl":"https:\/\/ikar.dev\/bceco-v2\/wp-content\/uploads\/2021\/11\/developpement_145_territoires.jpeg","datePublished":"2022-11-09T08:47:43+00:00","breadcrumb":{"@id":"https:\/\/ikar.dev\/bceco-v2\/developpement-de-145-territoires-ces-travaux-seront-finis-dici-6-mois-assure-le-bceco-au-kasai-central\/#breadcrumb"},"inLanguage":"en-US","potentialAction":[{"@type":"ReadAction","target":["https:\/\/ikar.dev\/bceco-v2\/developpement-de-145-territoires-ces-travaux-seront-finis-dici-6-mois-assure-le-bceco-au-kasai-central\/"]}]},{"@type":"ImageObject","inLanguage":"en-US","@id":"https:\/\/ikar.dev\/bceco-v2\/developpement-de-145-territoires-ces-travaux-seront-finis-dici-6-mois-assure-le-bceco-au-kasai-central\/#primaryimage","url":"https:\/\/ikar.dev\/bceco-v2\/wp-content\/uploads\/2021\/11\/developpement_145_territoires.jpeg","contentUrl":"https:\/\/ikar.dev\/bceco-v2\/wp-content\/uploads\/2021\/11\/developpement_145_territoires.jpeg","width":500,"height":332},{"@type":"BreadcrumbList","@id":"https:\/\/ikar.dev\/bceco-v2\/developpement-de-145-territoires-ces-travaux-seront-finis-dici-6-mois-assure-le-bceco-au-kasai-central\/#breadcrumb","itemListElement":[{"@type":"ListItem","position":1,"name":"Accueil","item":"https:\/\/ikar.dev\/bceco-v2\/"},{"@type":"ListItem","position":2,"name":"D\u00e9veloppement de 145 territoires : \u00ab Ces travaux seront finis d\u2019ici 6 mois \u00bb, assure le BCECO au Kasa\u00ef-Central"}]},{"@type":"WebSite","@id":"https:\/\/ikar.dev\/bceco-v2\/#website","url":"https:\/\/ikar.dev\/bceco-v2\/","name":"Bureau Central de Coordination","description":"B.Ce.Co \u2013 Au c\u0153ur de l\u2019ex\u00e9cution des projets de d\u00e9veloppement en RDC","publisher":{"@id":"https:\/\/ikar.dev\/bceco-v2\/#organization"},"potentialAction":[{"@type":"SearchAction","target":{"@type":"EntryPoint","urlTemplate":"https:\/\/ikar.dev\/bceco-v2\/?s={search_term_string}"},"query-input":{"@type":"PropertyValueSpecification","valueRequired":true,"valueName":"search_term_string"}}],"inLanguage":"en-US"},{"@type":"Organization","@id":"https:\/\/ikar.dev\/bceco-v2\/#organization","name":"Bureau Central de Coordination","url":"https:\/\/ikar.dev\/bceco-v2\/","logo":{"@type":"ImageObject","inLanguage":"en-US","@id":"https:\/\/ikar.dev\/bceco-v2\/#\/schema\/logo\/image\/","url":"https:\/\/ikar.dev\/bceco-v2\/wp-content\/uploads\/2025\/12\/BCECO-Bureau-Central-de-Coordination.jpg","contentUrl":"https:\/\/ikar.dev\/bceco-v2\/wp-content\/uploads\/2025\/12\/BCECO-Bureau-Central-de-Coordination.jpg","width":2048,"height":2048,"caption":"Bureau Central de Coordination"},"image":{"@id":"https:\/\/ikar.dev\/bceco-v2\/#\/schema\/logo\/image\/"},"sameAs":["https:\/\/www.facebook.com\/BCeCoRDC","https:\/\/x.com\/BCeCoRDC"]},{"@type":"Person","@id":"https:\/\/ikar.dev\/bceco-v2\/#\/schema\/person\/6ee74807ffb016a78852fec6a295d503","name":"bceco","image":{"@type":"ImageObject","inLanguage":"en-US","@id":"https:\/\/ikar.dev\/bceco-v2\/#\/schema\/person\/image\/","url":"https:\/\/secure.gravatar.com\/avatar\/55c07e1707f50774ef3c842c9d074773a6b558a20fbd1608c8e4871bc88f3455?s=96&d=mm&r=g","contentUrl":"https:\/\/secure.gravatar.com\/avatar\/55c07e1707f50774ef3c842c9d074773a6b558a20fbd1608c8e4871bc88f3455?s=96&d=mm&r=g","caption":"bceco"},"sameAs":["https:\/\/ikar.dev\/bceco-v2"],"url":"https:\/\/ikar.dev\/bceco-v2\/author\/bceco\/"}]}},"_links":{"self":[{"href":"https:\/\/ikar.dev\/bceco-v2\/wp-json\/wp\/v2\/posts\/20413","targetHints":{"allow":["GET"]}}],"collection":[{"href":"https:\/\/ikar.dev\/bceco-v2\/wp-json\/wp\/v2\/posts"}],"about":[{"href":"https:\/\/ikar.dev\/bceco-v2\/wp-json\/wp\/v2\/types\/post"}],"author":[{"embeddable":true,"href":"https:\/\/ikar.dev\/bceco-v2\/wp-json\/wp\/v2\/users\/1"}],"replies":[{"embeddable":true,"href":"https:\/\/ikar.dev\/bceco-v2\/wp-json\/wp\/v2\/comments?post=20413"}],"version-history":[{"count":0,"href":"https:\/\/ikar.dev\/bceco-v2\/wp-json\/wp\/v2\/posts\/20413\/revisions"}],"wp:featuredmedia":[{"embeddable":true,"href":"https:\/\/ikar.dev\/bceco-v2\/wp-json\/wp\/v2\/media\/27775"}],"wp:attachment":[{"href":"https:\/\/ikar.dev\/bceco-v2\/wp-json\/wp\/v2\/media?parent=20413"}],"wp:term":[{"taxonomy":"category","embeddable":true,"href":"https:\/\/ikar.dev\/bceco-v2\/wp-json\/wp\/v2\/categories?post=20413"},{"taxonomy":"post_tag","embeddable":true,"href":"https:\/\/ikar.dev\/bceco-v2\/wp-json\/wp\/v2\/tags?post=20413"}],"curies":[{"name":"wp","href":"https:\/\/api.w.org\/{rel}","templated":true}]}}