{"id":20412,"date":"2022-11-15T13:20:33","date_gmt":"2022-11-15T13:20:33","guid":{"rendered":"https:\/\/keenitsolutions.com\/products\/wordpress\/dabble\/?p=294"},"modified":"2022-11-15T13:20:33","modified_gmt":"2022-11-15T13:20:33","slug":"programme-de-developpement-de-mai-ndombe-le-dg-jean-mabi-et-la-gouverneure-rita-bola-ont-harmonise-les-vues-sur-les-modalites-dexecution","status":"publish","type":"post","link":"https:\/\/ikar.dev\/bceco-v2\/programme-de-developpement-de-mai-ndombe-le-dg-jean-mabi-et-la-gouverneure-rita-bola-ont-harmonise-les-vues-sur-les-modalites-dexecution\/","title":{"rendered":"Programme de D\u00e9veloppement de Ma\u00ef-Ndombe : Le DG Jean Mabi et la Gouverneure Rita Bola ont harmonis\u00e9 les vues sur les modalit\u00e9s d\u2019ex\u00e9cution"},"content":{"rendered":"<p><em><strong>C\u2019est pour la deuxi\u00e8me que la gouverneure de la province de Ma\u00ef-Ndombe, Rita Bola, a franchit la porte du Bureau Central de Coordination (BCeCo). Si elle signait, pour la premi\u00e8re fois, un protocole d\u2019accord, elle vient cette fois-ci pour les modalit\u00e9s de l\u2019ex\u00e9cution des du programme d\u2019action de la province. Cette activit\u00e9 a eu lieu le lundi 14 f\u00e9vrier dernier aux installations du BCeCo \u00e0 \u00a0Kinshasa.<\/strong><\/em><\/p>\n<blockquote><p>\u00ab\u00a0<em>Nous sommes revenus comme convenu, car nous avons un protocole d\u2019accord avec le BCeCo. Et voil\u00e0 que nous venons de recevoir le fonds pour la province et nous sommes oblig\u00e9s de venir courir vers notre partenaire pour l\u2019ex\u00e9cution de nos projets<\/em>\u00a0\u00bb, a d\u00e9clar\u00e9 la Gouverneure Rita Bola au terme de son entretien avec le Directeur G\u00e9n\u00e9ral du BCeCo, Jean Mabi Mulumba, avec toute son \u00e9quipe. Elle a, par ailleurs, signal\u00e9 que ce fonds provient de la vente de cr\u00e9dit carbonne par la province \u00e0 la soci\u00e9t\u00e9 Era. Il sera affect\u00e9 aux projets b\u00e9n\u00e9fiques pour la population.<\/p><\/blockquote>\n<p><img fetchpriority=\"high\" decoding=\"async\" class=\"alignnone wp-image-27794 size-full\" src=\"https:\/\/ikar.dev\/bceco-v2\/wp-content\/uploads\/2022\/11\/WhatsApp-Image-2022-11-15-at-10.59.11-AM1.jpeg\" alt=\"\" width=\"1055\" height=\"564\" srcset=\"https:\/\/ikar.dev\/bceco-v2\/wp-content\/uploads\/2022\/11\/WhatsApp-Image-2022-11-15-at-10.59.11-AM1.jpeg 1055w, https:\/\/ikar.dev\/bceco-v2\/wp-content\/uploads\/2022\/11\/WhatsApp-Image-2022-11-15-at-10.59.11-AM1-768x411.jpeg 768w, https:\/\/ikar.dev\/bceco-v2\/wp-content\/uploads\/2022\/11\/WhatsApp-Image-2022-11-15-at-10.59.11-AM1-600x321.jpeg 600w\" sizes=\"(max-width: 1055px) 100vw, 1055px\" \/><\/p>\n<p>Le num\u00e9ro 1 de Ma\u00ef-Ndombe compte mettre vite en \u0153uvre son programme\u00a0 de d\u00e9veloppement de la province. Pour ce faire, un conseil des ministres provinciaux se tiendra d\u00e8s la semaine prochaine pour statuer sur le sujet et d\u00e9terminer les projets prioritaires. \u00ab\u00a0<em>Nous avons un programme que nous allons pr\u00e9sent\u00e9 \u00e0 l\u2019assembl\u00e9e provinciale, ce programme a \u00e9t\u00e9 adopt\u00e9 et accept\u00e9. Nous allons avoir des projets selon ce programme l\u00e0. Donc, c\u2019est avec le rapport d\u2019un conseil des ministres<\/em>\u00a0\u00bb, a-t-elle fait savoir.<\/p>\n<p>Toutefois, il convient de signaler que la Gouverneure Bola n\u2019\u00e9tait pas venue seule au BCeCo. Elle a \u00e9t\u00e9 accompagn\u00e9e par une forte d\u00e9l\u00e9gation de son \u00e9quipe gouvernementale dont le ministre provincial des Finances, Economie, Commerce, Industrie, Petites et Moyennes Entreprises et Artisants, mais aussi du Pr\u00e9sident de l\u2019Assembl\u00e9e Provinciale de Ma\u00ef-Ndombe.<\/p>\n<p>Pour sa part, Patrice Emery Bovine Mwankane, Chef de l\u2019organe d\u00e9lib\u00e9rant de Ma\u00ef-Ndombe a indiqu\u00e9 qu\u2019il accompagnait la gouverneure pour l\u2019aider \u00e0 op\u00e9rer des choix judicieux sur les projets \u00e0 mettre en \u0153uvre Pour le d\u00e9veloppement de la province. \u00ab\u00a0<em>Nous sommes les repr\u00e9sentants de la population. Nous connaissons les besoins de notre population et nous voulons accompagner notre gouverneur de province pour l\u2019aider \u00e0 choisir des projets qui sont prioritaires par rapport \u00e0 notre population. Voil\u00e0 pourquoi nous l\u2019avons accompagn\u00e9 au moment o\u00f9 elle voudrait \u00e9chang\u00e9 avec le BCeCo qui va \u00eatre l\u2019ex\u00e9cutant de ce projet<\/em>\u00a0\u00bb, a-t-il signal\u00e9.<\/p>\n<p>D\u2019apr\u00e8s lui, la province de Ma\u00ef-Ndombe dispose des nombreux programmes qui devons \u00eatre arr\u00eat\u00e9 par le conseil des ministres. Donc, il faudra attendre ce qui sera d\u00e9cid\u00e9 \u00e0 ce Conseil pour pouvoir d\u00e9terminer les projets prioritaires. Cependant, le Pr\u00e9sident L\u00e9onard Makombo s\u2019est r\u00e9serv\u00e9 le droit de ne pas \u00e9voquer au stade actuel les priorit\u00e9s du gouvernement Rita Bola.<\/p>\n<p>Pour rappel, le BCeCo et la Province de Ma\u00ef-Ndombe ont sign\u00e9 en date du 26 septembre dernier un protocole d\u2019accord. Un protocole qui porte sur la construction des nouvelles infrastructures de base dans cette province longtemps oubli\u00e9 apr\u00e8s le d\u00e9membrement. L\u2019objectif de ce partenariat qui venait d\u2019\u00eatre scell\u00e9 entre le BCeCo et le Ma\u00ef-Ndombe, vise \u00e0 d\u00e9senclaver cette province en construisant des routes, des b\u00e2timents publics et d\u2019autres infrastructures physiques de base.<\/p>\n","protected":false},"excerpt":{"rendered":"<p>C\u2019est pour la deuxi\u00e8me que la gouverneure de la province de Ma\u00ef-Ndombe, Rita Bola, a franchit la porte du Bureau Central de Coordination (BCeCo). Si elle signait, pour la premi\u00e8re fois, un protocole d\u2019accord, elle vient cette fois-ci pour les modalit\u00e9s de l\u2019ex\u00e9cution des du programme d\u2019action de la province. Cette activit\u00e9 a eu lieu<\/p>\n","protected":false},"author":1,"featured_media":27795,"comment_status":"open","ping_status":"open","sticky":false,"template":"","format":"standard","meta":{"footnotes":""},"categories":[61],"tags":[],"class_list":["post-20412","post","type-post","status-publish","format-standard","has-post-thumbnail","hentry","category-pdl145t"],"yoast_head":"<!-- This site is optimized with the Yoast SEO plugin v26.7 - https:\/\/yoast.com\/wordpress\/plugins\/seo\/ -->\n<title>Programme de D\u00e9veloppement de Ma\u00ef-Ndombe : Le DG Jean Mabi et la Gouverneure Rita Bola ont harmonis\u00e9 les vues sur les modalit\u00e9s d\u2019ex\u00e9cution - Bureau Central de Coordination<\/title>\n<meta name=\"robots\" content=\"index, follow, max-snippet:-1, max-image-preview:large, max-video-preview:-1\" \/>\n<link rel=\"canonical\" href=\"https:\/\/ikar.dev\/bceco-v2\/programme-de-developpement-de-mai-ndombe-le-dg-jean-mabi-et-la-gouverneure-rita-bola-ont-harmonise-les-vues-sur-les-modalites-dexecution\/\" \/>\n<meta property=\"og:locale\" content=\"en_US\" \/>\n<meta property=\"og:type\" content=\"article\" \/>\n<meta property=\"og:title\" content=\"Programme de D\u00e9veloppement de Ma\u00ef-Ndombe : Le DG Jean Mabi et la Gouverneure Rita Bola ont harmonis\u00e9 les vues sur les modalit\u00e9s d\u2019ex\u00e9cution - Bureau Central de Coordination\" \/>\n<meta property=\"og:description\" content=\"C\u2019est pour la deuxi\u00e8me que la gouverneure de la province de Ma\u00ef-Ndombe, Rita Bola, a franchit la porte du Bureau Central de Coordination (BCeCo). Si elle signait, pour la premi\u00e8re fois, un protocole d\u2019accord, elle vient cette fois-ci pour les modalit\u00e9s de l\u2019ex\u00e9cution des du programme d\u2019action de la province. Cette activit\u00e9 a eu lieu\" \/>\n<meta property=\"og:url\" content=\"https:\/\/ikar.dev\/bceco-v2\/programme-de-developpement-de-mai-ndombe-le-dg-jean-mabi-et-la-gouverneure-rita-bola-ont-harmonise-les-vues-sur-les-modalites-dexecution\/\" \/>\n<meta property=\"og:site_name\" content=\"Bureau Central de Coordination\" \/>\n<meta property=\"article:publisher\" content=\"https:\/\/www.facebook.com\/BCeCoRDC\" \/>\n<meta property=\"article:published_time\" content=\"2022-11-15T13:20:33+00:00\" \/>\n<meta property=\"og:image\" content=\"https:\/\/ikar.dev\/bceco-v2\/wp-content\/uploads\/2022\/11\/WhatsApp-Image-2022-11-15-at-10.59.11-AM1.jpeg\" \/>\n\t<meta property=\"og:image:width\" content=\"1055\" \/>\n\t<meta property=\"og:image:height\" content=\"564\" \/>\n\t<meta property=\"og:image:type\" content=\"image\/jpeg\" \/>\n<meta name=\"author\" content=\"bceco\" \/>\n<meta name=\"twitter:card\" content=\"summary_large_image\" \/>\n<meta name=\"twitter:creator\" content=\"@BCeCoRDC\" \/>\n<meta name=\"twitter:site\" content=\"@BCeCoRDC\" \/>\n<meta name=\"twitter:label1\" content=\"Written by\" \/>\n\t<meta name=\"twitter:data1\" content=\"bceco\" \/>\n\t<meta name=\"twitter:label2\" content=\"Est. reading time\" \/>\n\t<meta name=\"twitter:data2\" content=\"3 minutes\" \/>\n<script type=\"application\/ld+json\" class=\"yoast-schema-graph\">{\"@context\":\"https:\/\/schema.org\",\"@graph\":[{\"@type\":\"Article\",\"@id\":\"https:\/\/ikar.dev\/bceco-v2\/programme-de-developpement-de-mai-ndombe-le-dg-jean-mabi-et-la-gouverneure-rita-bola-ont-harmonise-les-vues-sur-les-modalites-dexecution\/#article\",\"isPartOf\":{\"@id\":\"https:\/\/ikar.dev\/bceco-v2\/programme-de-developpement-de-mai-ndombe-le-dg-jean-mabi-et-la-gouverneure-rita-bola-ont-harmonise-les-vues-sur-les-modalites-dexecution\/\"},\"author\":{\"name\":\"bceco\",\"@id\":\"https:\/\/ikar.dev\/bceco-v2\/#\/schema\/person\/6ee74807ffb016a78852fec6a295d503\"},\"headline\":\"Programme de D\u00e9veloppement de Ma\u00ef-Ndombe : Le DG Jean Mabi et la Gouverneure Rita Bola ont harmonis\u00e9 les vues sur les modalit\u00e9s d\u2019ex\u00e9cution\",\"datePublished\":\"2022-11-15T13:20:33+00:00\",\"mainEntityOfPage\":{\"@id\":\"https:\/\/ikar.dev\/bceco-v2\/programme-de-developpement-de-mai-ndombe-le-dg-jean-mabi-et-la-gouverneure-rita-bola-ont-harmonise-les-vues-sur-les-modalites-dexecution\/\"},\"wordCount\":609,\"commentCount\":0,\"publisher\":{\"@id\":\"https:\/\/ikar.dev\/bceco-v2\/#organization\"},\"image\":{\"@id\":\"https:\/\/ikar.dev\/bceco-v2\/programme-de-developpement-de-mai-ndombe-le-dg-jean-mabi-et-la-gouverneure-rita-bola-ont-harmonise-les-vues-sur-les-modalites-dexecution\/#primaryimage\"},\"thumbnailUrl\":\"https:\/\/ikar.dev\/bceco-v2\/wp-content\/uploads\/2022\/11\/WhatsApp-Image-2022-11-15-at-11.00.02-AM.jpeg\",\"articleSection\":[\"PDL145T\"],\"inLanguage\":\"en-US\",\"potentialAction\":[{\"@type\":\"CommentAction\",\"name\":\"Comment\",\"target\":[\"https:\/\/ikar.dev\/bceco-v2\/programme-de-developpement-de-mai-ndombe-le-dg-jean-mabi-et-la-gouverneure-rita-bola-ont-harmonise-les-vues-sur-les-modalites-dexecution\/#respond\"]}]},{\"@type\":\"WebPage\",\"@id\":\"https:\/\/ikar.dev\/bceco-v2\/programme-de-developpement-de-mai-ndombe-le-dg-jean-mabi-et-la-gouverneure-rita-bola-ont-harmonise-les-vues-sur-les-modalites-dexecution\/\",\"url\":\"https:\/\/ikar.dev\/bceco-v2\/programme-de-developpement-de-mai-ndombe-le-dg-jean-mabi-et-la-gouverneure-rita-bola-ont-harmonise-les-vues-sur-les-modalites-dexecution\/\",\"name\":\"Programme de D\u00e9veloppement de Ma\u00ef-Ndombe : Le DG Jean Mabi et la Gouverneure Rita Bola ont harmonis\u00e9 les vues sur les modalit\u00e9s d\u2019ex\u00e9cution - Bureau Central de Coordination\",\"isPartOf\":{\"@id\":\"https:\/\/ikar.dev\/bceco-v2\/#website\"},\"primaryImageOfPage\":{\"@id\":\"https:\/\/ikar.dev\/bceco-v2\/programme-de-developpement-de-mai-ndombe-le-dg-jean-mabi-et-la-gouverneure-rita-bola-ont-harmonise-les-vues-sur-les-modalites-dexecution\/#primaryimage\"},\"image\":{\"@id\":\"https:\/\/ikar.dev\/bceco-v2\/programme-de-developpement-de-mai-ndombe-le-dg-jean-mabi-et-la-gouverneure-rita-bola-ont-harmonise-les-vues-sur-les-modalites-dexecution\/#primaryimage\"},\"thumbnailUrl\":\"https:\/\/ikar.dev\/bceco-v2\/wp-content\/uploads\/2022\/11\/WhatsApp-Image-2022-11-15-at-11.00.02-AM.jpeg\",\"datePublished\":\"2022-11-15T13:20:33+00:00\",\"breadcrumb\":{\"@id\":\"https:\/\/ikar.dev\/bceco-v2\/programme-de-developpement-de-mai-ndombe-le-dg-jean-mabi-et-la-gouverneure-rita-bola-ont-harmonise-les-vues-sur-les-modalites-dexecution\/#breadcrumb\"},\"inLanguage\":\"en-US\",\"potentialAction\":[{\"@type\":\"ReadAction\",\"target\":[\"https:\/\/ikar.dev\/bceco-v2\/programme-de-developpement-de-mai-ndombe-le-dg-jean-mabi-et-la-gouverneure-rita-bola-ont-harmonise-les-vues-sur-les-modalites-dexecution\/\"]}]},{\"@type\":\"ImageObject\",\"inLanguage\":\"en-US\",\"@id\":\"https:\/\/ikar.dev\/bceco-v2\/programme-de-developpement-de-mai-ndombe-le-dg-jean-mabi-et-la-gouverneure-rita-bola-ont-harmonise-les-vues-sur-les-modalites-dexecution\/#primaryimage\",\"url\":\"https:\/\/ikar.dev\/bceco-v2\/wp-content\/uploads\/2022\/11\/WhatsApp-Image-2022-11-15-at-11.00.02-AM.jpeg\",\"contentUrl\":\"https:\/\/ikar.dev\/bceco-v2\/wp-content\/uploads\/2022\/11\/WhatsApp-Image-2022-11-15-at-11.00.02-AM.jpeg\",\"width\":1080,\"height\":720},{\"@type\":\"BreadcrumbList\",\"@id\":\"https:\/\/ikar.dev\/bceco-v2\/programme-de-developpement-de-mai-ndombe-le-dg-jean-mabi-et-la-gouverneure-rita-bola-ont-harmonise-les-vues-sur-les-modalites-dexecution\/#breadcrumb\",\"itemListElement\":[{\"@type\":\"ListItem\",\"position\":1,\"name\":\"Accueil\",\"item\":\"https:\/\/ikar.dev\/bceco-v2\/\"},{\"@type\":\"ListItem\",\"position\":2,\"name\":\"Programme de D\u00e9veloppement de Ma\u00ef-Ndombe : Le DG Jean Mabi et la Gouverneure Rita Bola ont harmonis\u00e9 les vues sur les modalit\u00e9s d\u2019ex\u00e9cution\"}]},{\"@type\":\"WebSite\",\"@id\":\"https:\/\/ikar.dev\/bceco-v2\/#website\",\"url\":\"https:\/\/ikar.dev\/bceco-v2\/\",\"name\":\"Bureau Central de Coordination\",\"description\":\"B.Ce.Co \u2013 Au c\u0153ur de l\u2019ex\u00e9cution des projets de d\u00e9veloppement en RDC\",\"publisher\":{\"@id\":\"https:\/\/ikar.dev\/bceco-v2\/#organization\"},\"potentialAction\":[{\"@type\":\"SearchAction\",\"target\":{\"@type\":\"EntryPoint\",\"urlTemplate\":\"https:\/\/ikar.dev\/bceco-v2\/?s={search_term_string}\"},\"query-input\":{\"@type\":\"PropertyValueSpecification\",\"valueRequired\":true,\"valueName\":\"search_term_string\"}}],\"inLanguage\":\"en-US\"},{\"@type\":\"Organization\",\"@id\":\"https:\/\/ikar.dev\/bceco-v2\/#organization\",\"name\":\"Bureau Central de Coordination\",\"url\":\"https:\/\/ikar.dev\/bceco-v2\/\",\"logo\":{\"@type\":\"ImageObject\",\"inLanguage\":\"en-US\",\"@id\":\"https:\/\/ikar.dev\/bceco-v2\/#\/schema\/logo\/image\/\",\"url\":\"https:\/\/ikar.dev\/bceco-v2\/wp-content\/uploads\/2025\/12\/BCECO-Bureau-Central-de-Coordination.jpg\",\"contentUrl\":\"https:\/\/ikar.dev\/bceco-v2\/wp-content\/uploads\/2025\/12\/BCECO-Bureau-Central-de-Coordination.jpg\",\"width\":2048,\"height\":2048,\"caption\":\"Bureau Central de Coordination\"},\"image\":{\"@id\":\"https:\/\/ikar.dev\/bceco-v2\/#\/schema\/logo\/image\/\"},\"sameAs\":[\"https:\/\/www.facebook.com\/BCeCoRDC\",\"https:\/\/x.com\/BCeCoRDC\"]},{\"@type\":\"Person\",\"@id\":\"https:\/\/ikar.dev\/bceco-v2\/#\/schema\/person\/6ee74807ffb016a78852fec6a295d503\",\"name\":\"bceco\",\"image\":{\"@type\":\"ImageObject\",\"inLanguage\":\"en-US\",\"@id\":\"https:\/\/ikar.dev\/bceco-v2\/#\/schema\/person\/image\/\",\"url\":\"https:\/\/secure.gravatar.com\/avatar\/55c07e1707f50774ef3c842c9d074773a6b558a20fbd1608c8e4871bc88f3455?s=96&d=mm&r=g\",\"contentUrl\":\"https:\/\/secure.gravatar.com\/avatar\/55c07e1707f50774ef3c842c9d074773a6b558a20fbd1608c8e4871bc88f3455?s=96&d=mm&r=g\",\"caption\":\"bceco\"},\"sameAs\":[\"https:\/\/ikar.dev\/bceco-v2\"],\"url\":\"https:\/\/ikar.dev\/bceco-v2\/author\/bceco\/\"}]}<\/script>\n<!-- \/ Yoast SEO plugin. -->","yoast_head_json":{"title":"Programme de D\u00e9veloppement de Ma\u00ef-Ndombe : Le DG Jean Mabi et la Gouverneure Rita Bola ont harmonis\u00e9 les vues sur les modalit\u00e9s d\u2019ex\u00e9cution - Bureau Central de Coordination","robots":{"index":"index","follow":"follow","max-snippet":"max-snippet:-1","max-image-preview":"max-image-preview:large","max-video-preview":"max-video-preview:-1"},"canonical":"https:\/\/ikar.dev\/bceco-v2\/programme-de-developpement-de-mai-ndombe-le-dg-jean-mabi-et-la-gouverneure-rita-bola-ont-harmonise-les-vues-sur-les-modalites-dexecution\/","og_locale":"en_US","og_type":"article","og_title":"Programme de D\u00e9veloppement de Ma\u00ef-Ndombe : Le DG Jean Mabi et la Gouverneure Rita Bola ont harmonis\u00e9 les vues sur les modalit\u00e9s d\u2019ex\u00e9cution - Bureau Central de Coordination","og_description":"C\u2019est pour la deuxi\u00e8me que la gouverneure de la province de Ma\u00ef-Ndombe, Rita Bola, a franchit la porte du Bureau Central de Coordination (BCeCo). Si elle signait, pour la premi\u00e8re fois, un protocole d\u2019accord, elle vient cette fois-ci pour les modalit\u00e9s de l\u2019ex\u00e9cution des du programme d\u2019action de la province. Cette activit\u00e9 a eu lieu","og_url":"https:\/\/ikar.dev\/bceco-v2\/programme-de-developpement-de-mai-ndombe-le-dg-jean-mabi-et-la-gouverneure-rita-bola-ont-harmonise-les-vues-sur-les-modalites-dexecution\/","og_site_name":"Bureau Central de Coordination","article_publisher":"https:\/\/www.facebook.com\/BCeCoRDC","article_published_time":"2022-11-15T13:20:33+00:00","og_image":[{"width":1055,"height":564,"url":"https:\/\/ikar.dev\/bceco-v2\/wp-content\/uploads\/2022\/11\/WhatsApp-Image-2022-11-15-at-10.59.11-AM1.jpeg","type":"image\/jpeg"}],"author":"bceco","twitter_card":"summary_large_image","twitter_creator":"@BCeCoRDC","twitter_site":"@BCeCoRDC","twitter_misc":{"Written by":"bceco","Est. reading time":"3 minutes"},"schema":{"@context":"https:\/\/schema.org","@graph":[{"@type":"Article","@id":"https:\/\/ikar.dev\/bceco-v2\/programme-de-developpement-de-mai-ndombe-le-dg-jean-mabi-et-la-gouverneure-rita-bola-ont-harmonise-les-vues-sur-les-modalites-dexecution\/#article","isPartOf":{"@id":"https:\/\/ikar.dev\/bceco-v2\/programme-de-developpement-de-mai-ndombe-le-dg-jean-mabi-et-la-gouverneure-rita-bola-ont-harmonise-les-vues-sur-les-modalites-dexecution\/"},"author":{"name":"bceco","@id":"https:\/\/ikar.dev\/bceco-v2\/#\/schema\/person\/6ee74807ffb016a78852fec6a295d503"},"headline":"Programme de D\u00e9veloppement de Ma\u00ef-Ndombe : Le DG Jean Mabi et la Gouverneure Rita Bola ont harmonis\u00e9 les vues sur les modalit\u00e9s d\u2019ex\u00e9cution","datePublished":"2022-11-15T13:20:33+00:00","mainEntityOfPage":{"@id":"https:\/\/ikar.dev\/bceco-v2\/programme-de-developpement-de-mai-ndombe-le-dg-jean-mabi-et-la-gouverneure-rita-bola-ont-harmonise-les-vues-sur-les-modalites-dexecution\/"},"wordCount":609,"commentCount":0,"publisher":{"@id":"https:\/\/ikar.dev\/bceco-v2\/#organization"},"image":{"@id":"https:\/\/ikar.dev\/bceco-v2\/programme-de-developpement-de-mai-ndombe-le-dg-jean-mabi-et-la-gouverneure-rita-bola-ont-harmonise-les-vues-sur-les-modalites-dexecution\/#primaryimage"},"thumbnailUrl":"https:\/\/ikar.dev\/bceco-v2\/wp-content\/uploads\/2022\/11\/WhatsApp-Image-2022-11-15-at-11.00.02-AM.jpeg","articleSection":["PDL145T"],"inLanguage":"en-US","potentialAction":[{"@type":"CommentAction","name":"Comment","target":["https:\/\/ikar.dev\/bceco-v2\/programme-de-developpement-de-mai-ndombe-le-dg-jean-mabi-et-la-gouverneure-rita-bola-ont-harmonise-les-vues-sur-les-modalites-dexecution\/#respond"]}]},{"@type":"WebPage","@id":"https:\/\/ikar.dev\/bceco-v2\/programme-de-developpement-de-mai-ndombe-le-dg-jean-mabi-et-la-gouverneure-rita-bola-ont-harmonise-les-vues-sur-les-modalites-dexecution\/","url":"https:\/\/ikar.dev\/bceco-v2\/programme-de-developpement-de-mai-ndombe-le-dg-jean-mabi-et-la-gouverneure-rita-bola-ont-harmonise-les-vues-sur-les-modalites-dexecution\/","name":"Programme de D\u00e9veloppement de Ma\u00ef-Ndombe : Le DG Jean Mabi et la Gouverneure Rita Bola ont harmonis\u00e9 les vues sur les modalit\u00e9s d\u2019ex\u00e9cution - Bureau Central de Coordination","isPartOf":{"@id":"https:\/\/ikar.dev\/bceco-v2\/#website"},"primaryImageOfPage":{"@id":"https:\/\/ikar.dev\/bceco-v2\/programme-de-developpement-de-mai-ndombe-le-dg-jean-mabi-et-la-gouverneure-rita-bola-ont-harmonise-les-vues-sur-les-modalites-dexecution\/#primaryimage"},"image":{"@id":"https:\/\/ikar.dev\/bceco-v2\/programme-de-developpement-de-mai-ndombe-le-dg-jean-mabi-et-la-gouverneure-rita-bola-ont-harmonise-les-vues-sur-les-modalites-dexecution\/#primaryimage"},"thumbnailUrl":"https:\/\/ikar.dev\/bceco-v2\/wp-content\/uploads\/2022\/11\/WhatsApp-Image-2022-11-15-at-11.00.02-AM.jpeg","datePublished":"2022-11-15T13:20:33+00:00","breadcrumb":{"@id":"https:\/\/ikar.dev\/bceco-v2\/programme-de-developpement-de-mai-ndombe-le-dg-jean-mabi-et-la-gouverneure-rita-bola-ont-harmonise-les-vues-sur-les-modalites-dexecution\/#breadcrumb"},"inLanguage":"en-US","potentialAction":[{"@type":"ReadAction","target":["https:\/\/ikar.dev\/bceco-v2\/programme-de-developpement-de-mai-ndombe-le-dg-jean-mabi-et-la-gouverneure-rita-bola-ont-harmonise-les-vues-sur-les-modalites-dexecution\/"]}]},{"@type":"ImageObject","inLanguage":"en-US","@id":"https:\/\/ikar.dev\/bceco-v2\/programme-de-developpement-de-mai-ndombe-le-dg-jean-mabi-et-la-gouverneure-rita-bola-ont-harmonise-les-vues-sur-les-modalites-dexecution\/#primaryimage","url":"https:\/\/ikar.dev\/bceco-v2\/wp-content\/uploads\/2022\/11\/WhatsApp-Image-2022-11-15-at-11.00.02-AM.jpeg","contentUrl":"https:\/\/ikar.dev\/bceco-v2\/wp-content\/uploads\/2022\/11\/WhatsApp-Image-2022-11-15-at-11.00.02-AM.jpeg","width":1080,"height":720},{"@type":"BreadcrumbList","@id":"https:\/\/ikar.dev\/bceco-v2\/programme-de-developpement-de-mai-ndombe-le-dg-jean-mabi-et-la-gouverneure-rita-bola-ont-harmonise-les-vues-sur-les-modalites-dexecution\/#breadcrumb","itemListElement":[{"@type":"ListItem","position":1,"name":"Accueil","item":"https:\/\/ikar.dev\/bceco-v2\/"},{"@type":"ListItem","position":2,"name":"Programme de D\u00e9veloppement de Ma\u00ef-Ndombe : Le DG Jean Mabi et la Gouverneure Rita Bola ont harmonis\u00e9 les vues sur les modalit\u00e9s d\u2019ex\u00e9cution"}]},{"@type":"WebSite","@id":"https:\/\/ikar.dev\/bceco-v2\/#website","url":"https:\/\/ikar.dev\/bceco-v2\/","name":"Bureau Central de Coordination","description":"B.Ce.Co \u2013 Au c\u0153ur de l\u2019ex\u00e9cution des projets de d\u00e9veloppement en RDC","publisher":{"@id":"https:\/\/ikar.dev\/bceco-v2\/#organization"},"potentialAction":[{"@type":"SearchAction","target":{"@type":"EntryPoint","urlTemplate":"https:\/\/ikar.dev\/bceco-v2\/?s={search_term_string}"},"query-input":{"@type":"PropertyValueSpecification","valueRequired":true,"valueName":"search_term_string"}}],"inLanguage":"en-US"},{"@type":"Organization","@id":"https:\/\/ikar.dev\/bceco-v2\/#organization","name":"Bureau Central de Coordination","url":"https:\/\/ikar.dev\/bceco-v2\/","logo":{"@type":"ImageObject","inLanguage":"en-US","@id":"https:\/\/ikar.dev\/bceco-v2\/#\/schema\/logo\/image\/","url":"https:\/\/ikar.dev\/bceco-v2\/wp-content\/uploads\/2025\/12\/BCECO-Bureau-Central-de-Coordination.jpg","contentUrl":"https:\/\/ikar.dev\/bceco-v2\/wp-content\/uploads\/2025\/12\/BCECO-Bureau-Central-de-Coordination.jpg","width":2048,"height":2048,"caption":"Bureau Central de Coordination"},"image":{"@id":"https:\/\/ikar.dev\/bceco-v2\/#\/schema\/logo\/image\/"},"sameAs":["https:\/\/www.facebook.com\/BCeCoRDC","https:\/\/x.com\/BCeCoRDC"]},{"@type":"Person","@id":"https:\/\/ikar.dev\/bceco-v2\/#\/schema\/person\/6ee74807ffb016a78852fec6a295d503","name":"bceco","image":{"@type":"ImageObject","inLanguage":"en-US","@id":"https:\/\/ikar.dev\/bceco-v2\/#\/schema\/person\/image\/","url":"https:\/\/secure.gravatar.com\/avatar\/55c07e1707f50774ef3c842c9d074773a6b558a20fbd1608c8e4871bc88f3455?s=96&d=mm&r=g","contentUrl":"https:\/\/secure.gravatar.com\/avatar\/55c07e1707f50774ef3c842c9d074773a6b558a20fbd1608c8e4871bc88f3455?s=96&d=mm&r=g","caption":"bceco"},"sameAs":["https:\/\/ikar.dev\/bceco-v2"],"url":"https:\/\/ikar.dev\/bceco-v2\/author\/bceco\/"}]}},"_links":{"self":[{"href":"https:\/\/ikar.dev\/bceco-v2\/wp-json\/wp\/v2\/posts\/20412","targetHints":{"allow":["GET"]}}],"collection":[{"href":"https:\/\/ikar.dev\/bceco-v2\/wp-json\/wp\/v2\/posts"}],"about":[{"href":"https:\/\/ikar.dev\/bceco-v2\/wp-json\/wp\/v2\/types\/post"}],"author":[{"embeddable":true,"href":"https:\/\/ikar.dev\/bceco-v2\/wp-json\/wp\/v2\/users\/1"}],"replies":[{"embeddable":true,"href":"https:\/\/ikar.dev\/bceco-v2\/wp-json\/wp\/v2\/comments?post=20412"}],"version-history":[{"count":0,"href":"https:\/\/ikar.dev\/bceco-v2\/wp-json\/wp\/v2\/posts\/20412\/revisions"}],"wp:featuredmedia":[{"embeddable":true,"href":"https:\/\/ikar.dev\/bceco-v2\/wp-json\/wp\/v2\/media\/27795"}],"wp:attachment":[{"href":"https:\/\/ikar.dev\/bceco-v2\/wp-json\/wp\/v2\/media?parent=20412"}],"wp:term":[{"taxonomy":"category","embeddable":true,"href":"https:\/\/ikar.dev\/bceco-v2\/wp-json\/wp\/v2\/categories?post=20412"},{"taxonomy":"post_tag","embeddable":true,"href":"https:\/\/ikar.dev\/bceco-v2\/wp-json\/wp\/v2\/tags?post=20412"}],"curies":[{"name":"wp","href":"https:\/\/api.w.org\/{rel}","templated":true}]}}