{"id":20411,"date":"2022-10-17T17:18:39","date_gmt":"2022-10-17T17:18:39","guid":{"rendered":"https:\/\/keenitsolutions.com\/products\/wordpress\/dabble\/?p=291"},"modified":"2022-10-17T17:18:39","modified_gmt":"2022-10-17T17:18:39","slug":"tony-mwaba-et-jean-mabi-signe-un-protocole-daccord-pour-la-construction-des-145-ecoles","status":"publish","type":"post","link":"https:\/\/ikar.dev\/bceco-v2\/tony-mwaba-et-jean-mabi-signe-un-protocole-daccord-pour-la-construction-des-145-ecoles\/","title":{"rendered":"TONY MWABA ET JEAN MABI SIGNE UN PROTOCOLE D\u2019ACCORD POUR LA CONSTRUCTION DES 145 \u00c9COLES"},"content":{"rendered":"<p>En r\u00e9ponse aux effets induits de la gratuit\u00e9 de l\u2019enseignement primaire dont le surpeuplement des salles par les \u00e9l\u00e8ves, le Pr\u00e9sident de la R\u00e9publique D\u00e9mocratique du Congo, F\u00e9lix-Antoine Tshisekedi Tshilombo vient de trouver la solution.<\/p>\n<p>Outre le projet de construction des 200 \u00e9coles dont les appels d\u2019offres ont \u00e9t\u00e9 lanc\u00e9s et les entreprises s\u00e9lectionn\u00e9es, le Bureau Central de Coordination, BCeCO, vient de signer un Protocole d\u2019Accord avec le Minist\u00e8re de l\u2019Enseignement Primaire, Secondaire et Technique, pour la construction des 145 \u00e9coles.<img fetchpriority=\"high\" decoding=\"async\" class=\"alignnone wp-image-27798 size-full\" src=\"https:\/\/ikar.dev\/bceco-v2\/wp-content\/uploads\/2022\/10\/po1547-600x400-1.png\" alt=\"\" width=\"600\" height=\"400\" \/><\/p>\n<p>Ce Protocole d\u2019accord est le r\u00e9sultat de l\u2019Accord de financement IDA D6620\/66920, sign\u00e9 entre le Gouvernement de la RDC et la Banque Mondiale, d\u2019un montant de 185 millions USD, sur ressources du projet PERSE, qui a \u00e9t\u00e9 revers\u00e9 sur le Compte G\u00e9n\u00e9ral du Tr\u00e9sor au titre de remboursement des d\u00e9penses ex\u00e9cut\u00e9es pour le paiement des salaires des enseignants et des frais de fonctionnement du niveau primaire, \u00e9largissant ainsi les marges budg\u00e9taires du Gouvernement.<\/p>\n<p>En effet, apr\u00e8s le contr\u00f4le du fichier paie du SECOPE, la Banque Mondiale a revers\u00e9 cette somme de 185 Millions USD. Sur ce montant, le Ministre de l\u2019Enseignement Primaire, Secondaire et Technique, le professeur Tony Mwaba Kazadi, a sollicit\u00e9 et obtenu de son coll\u00e8gue aux Finances qu\u2019un montant de 60 Millions soit affect\u00e9 \u00e0 la construction et \u00e0 la r\u00e9habilitation des infrastructures scolaires dans les 9 provinces.<\/p>\n<p>C\u2019est ce qui justifie la signature ce 17 octobre 2022 de ce Protocole d\u2019Accord, dans la salle des r\u00e9unions du Minist\u00e8re de l\u2019Enseignement Primaire, Secondaire et Technique, entre le Ministre, le professeur Tony Mwaba Kazadi et le Directeur du BCeCO, M. Jean Mabi Mulumba.<\/p>\n<p>Le Ministre charge le BCeCO de construire ces 145 \u00e9coles en mode d\u2019urgence qui seront livr\u00e9es au plus tard au mois de juin prochain.<\/p>\n","protected":false},"excerpt":{"rendered":"<p>En r\u00e9ponse aux effets induits de la gratuit\u00e9 de l\u2019enseignement primaire dont le surpeuplement des salles par les \u00e9l\u00e8ves, le Pr\u00e9sident de la R\u00e9publique D\u00e9mocratique du Congo, F\u00e9lix-Antoine Tshisekedi Tshilombo vient de trouver la solution. Outre le projet de construction des 200 \u00e9coles dont les appels d\u2019offres ont \u00e9t\u00e9 lanc\u00e9s et les entreprises s\u00e9lectionn\u00e9es, le<\/p>\n","protected":false},"author":1,"featured_media":27800,"comment_status":"open","ping_status":"open","sticky":false,"template":"","format":"standard","meta":{"footnotes":""},"categories":[63],"tags":[65],"class_list":["post-20411","post","type-post","status-publish","format-standard","has-post-thumbnail","hentry","category-infrastructures","tag-protocole-daccord"],"yoast_head":"<!-- This site is optimized with the Yoast SEO plugin v27.0 - https:\/\/yoast.com\/product\/yoast-seo-wordpress\/ -->\n<title>TONY MWABA ET JEAN MABI SIGNE UN PROTOCOLE D\u2019ACCORD POUR LA CONSTRUCTION DES 145 \u00c9COLES - Bureau Central de Coordination<\/title>\n<meta name=\"robots\" content=\"index, follow, max-snippet:-1, max-image-preview:large, max-video-preview:-1\" \/>\n<link rel=\"canonical\" href=\"https:\/\/ikar.dev\/bceco-v2\/tony-mwaba-et-jean-mabi-signe-un-protocole-daccord-pour-la-construction-des-145-ecoles\/\" \/>\n<meta property=\"og:locale\" content=\"en_US\" \/>\n<meta property=\"og:type\" content=\"article\" \/>\n<meta property=\"og:title\" content=\"TONY MWABA ET JEAN MABI SIGNE UN PROTOCOLE D\u2019ACCORD POUR LA CONSTRUCTION DES 145 \u00c9COLES - Bureau Central de Coordination\" \/>\n<meta property=\"og:description\" content=\"En r\u00e9ponse aux effets induits de la gratuit\u00e9 de l\u2019enseignement primaire dont le surpeuplement des salles par les \u00e9l\u00e8ves, le Pr\u00e9sident de la R\u00e9publique D\u00e9mocratique du Congo, F\u00e9lix-Antoine Tshisekedi Tshilombo vient de trouver la solution. Outre le projet de construction des 200 \u00e9coles dont les appels d\u2019offres ont \u00e9t\u00e9 lanc\u00e9s et les entreprises s\u00e9lectionn\u00e9es, le\" \/>\n<meta property=\"og:url\" content=\"https:\/\/ikar.dev\/bceco-v2\/tony-mwaba-et-jean-mabi-signe-un-protocole-daccord-pour-la-construction-des-145-ecoles\/\" \/>\n<meta property=\"og:site_name\" content=\"Bureau Central de Coordination\" \/>\n<meta property=\"article:publisher\" content=\"https:\/\/www.facebook.com\/BCeCoRDC\" \/>\n<meta property=\"article:published_time\" content=\"2022-10-17T17:18:39+00:00\" \/>\n<meta property=\"og:image\" content=\"https:\/\/ikar.dev\/bceco-v2\/wp-content\/uploads\/2022\/10\/po1547-600x400-1.png\" \/>\n\t<meta property=\"og:image:width\" content=\"600\" \/>\n\t<meta property=\"og:image:height\" content=\"400\" \/>\n\t<meta property=\"og:image:type\" content=\"image\/png\" \/>\n<meta name=\"author\" content=\"bceco\" \/>\n<meta name=\"twitter:card\" content=\"summary_large_image\" \/>\n<meta name=\"twitter:creator\" content=\"@BCeCoRDC\" \/>\n<meta name=\"twitter:site\" content=\"@BCeCoRDC\" \/>\n<meta name=\"twitter:label1\" content=\"Written by\" \/>\n\t<meta name=\"twitter:data1\" content=\"bceco\" \/>\n\t<meta name=\"twitter:label2\" content=\"Est. reading time\" \/>\n\t<meta name=\"twitter:data2\" content=\"2 minutes\" \/>\n<script type=\"application\/ld+json\" class=\"yoast-schema-graph\">{\"@context\":\"https:\/\/schema.org\",\"@graph\":[{\"@type\":\"Article\",\"@id\":\"https:\/\/ikar.dev\/bceco-v2\/tony-mwaba-et-jean-mabi-signe-un-protocole-daccord-pour-la-construction-des-145-ecoles\/#article\",\"isPartOf\":{\"@id\":\"https:\/\/ikar.dev\/bceco-v2\/tony-mwaba-et-jean-mabi-signe-un-protocole-daccord-pour-la-construction-des-145-ecoles\/\"},\"author\":{\"name\":\"bceco\",\"@id\":\"https:\/\/ikar.dev\/bceco-v2\/#\/schema\/person\/6ee74807ffb016a78852fec6a295d503\"},\"headline\":\"TONY MWABA ET JEAN MABI SIGNE UN PROTOCOLE D\u2019ACCORD POUR LA CONSTRUCTION DES 145 \u00c9COLES\",\"datePublished\":\"2022-10-17T17:18:39+00:00\",\"mainEntityOfPage\":{\"@id\":\"https:\/\/ikar.dev\/bceco-v2\/tony-mwaba-et-jean-mabi-signe-un-protocole-daccord-pour-la-construction-des-145-ecoles\/\"},\"wordCount\":331,\"commentCount\":0,\"publisher\":{\"@id\":\"https:\/\/ikar.dev\/bceco-v2\/#organization\"},\"image\":{\"@id\":\"https:\/\/ikar.dev\/bceco-v2\/tony-mwaba-et-jean-mabi-signe-un-protocole-daccord-pour-la-construction-des-145-ecoles\/#primaryimage\"},\"thumbnailUrl\":\"https:\/\/ikar.dev\/bceco-v2\/wp-content\/uploads\/2022\/10\/po1546.png\",\"keywords\":[\"Protocole d'accord\"],\"articleSection\":[\"Infrastructures\"],\"inLanguage\":\"en-US\",\"potentialAction\":[{\"@type\":\"CommentAction\",\"name\":\"Comment\",\"target\":[\"https:\/\/ikar.dev\/bceco-v2\/tony-mwaba-et-jean-mabi-signe-un-protocole-daccord-pour-la-construction-des-145-ecoles\/#respond\"]}]},{\"@type\":\"WebPage\",\"@id\":\"https:\/\/ikar.dev\/bceco-v2\/tony-mwaba-et-jean-mabi-signe-un-protocole-daccord-pour-la-construction-des-145-ecoles\/\",\"url\":\"https:\/\/ikar.dev\/bceco-v2\/tony-mwaba-et-jean-mabi-signe-un-protocole-daccord-pour-la-construction-des-145-ecoles\/\",\"name\":\"TONY MWABA ET JEAN MABI SIGNE UN PROTOCOLE D\u2019ACCORD POUR LA CONSTRUCTION DES 145 \u00c9COLES - Bureau Central de Coordination\",\"isPartOf\":{\"@id\":\"https:\/\/ikar.dev\/bceco-v2\/#website\"},\"primaryImageOfPage\":{\"@id\":\"https:\/\/ikar.dev\/bceco-v2\/tony-mwaba-et-jean-mabi-signe-un-protocole-daccord-pour-la-construction-des-145-ecoles\/#primaryimage\"},\"image\":{\"@id\":\"https:\/\/ikar.dev\/bceco-v2\/tony-mwaba-et-jean-mabi-signe-un-protocole-daccord-pour-la-construction-des-145-ecoles\/#primaryimage\"},\"thumbnailUrl\":\"https:\/\/ikar.dev\/bceco-v2\/wp-content\/uploads\/2022\/10\/po1546.png\",\"datePublished\":\"2022-10-17T17:18:39+00:00\",\"breadcrumb\":{\"@id\":\"https:\/\/ikar.dev\/bceco-v2\/tony-mwaba-et-jean-mabi-signe-un-protocole-daccord-pour-la-construction-des-145-ecoles\/#breadcrumb\"},\"inLanguage\":\"en-US\",\"potentialAction\":[{\"@type\":\"ReadAction\",\"target\":[\"https:\/\/ikar.dev\/bceco-v2\/tony-mwaba-et-jean-mabi-signe-un-protocole-daccord-pour-la-construction-des-145-ecoles\/\"]}]},{\"@type\":\"ImageObject\",\"inLanguage\":\"en-US\",\"@id\":\"https:\/\/ikar.dev\/bceco-v2\/tony-mwaba-et-jean-mabi-signe-un-protocole-daccord-pour-la-construction-des-145-ecoles\/#primaryimage\",\"url\":\"https:\/\/ikar.dev\/bceco-v2\/wp-content\/uploads\/2022\/10\/po1546.png\",\"contentUrl\":\"https:\/\/ikar.dev\/bceco-v2\/wp-content\/uploads\/2022\/10\/po1546.png\",\"width\":605,\"height\":405},{\"@type\":\"BreadcrumbList\",\"@id\":\"https:\/\/ikar.dev\/bceco-v2\/tony-mwaba-et-jean-mabi-signe-un-protocole-daccord-pour-la-construction-des-145-ecoles\/#breadcrumb\",\"itemListElement\":[{\"@type\":\"ListItem\",\"position\":1,\"name\":\"Accueil\",\"item\":\"https:\/\/ikar.dev\/bceco-v2\/\"},{\"@type\":\"ListItem\",\"position\":2,\"name\":\"TONY MWABA ET JEAN MABI SIGNE UN PROTOCOLE D\u2019ACCORD POUR LA CONSTRUCTION DES 145 \u00c9COLES\"}]},{\"@type\":\"WebSite\",\"@id\":\"https:\/\/ikar.dev\/bceco-v2\/#website\",\"url\":\"https:\/\/ikar.dev\/bceco-v2\/\",\"name\":\"Bureau Central de Coordination\",\"description\":\"B.Ce.Co \u2013 Au c\u0153ur de l\u2019ex\u00e9cution des projets de d\u00e9veloppement en RDC\",\"publisher\":{\"@id\":\"https:\/\/ikar.dev\/bceco-v2\/#organization\"},\"potentialAction\":[{\"@type\":\"SearchAction\",\"target\":{\"@type\":\"EntryPoint\",\"urlTemplate\":\"https:\/\/ikar.dev\/bceco-v2\/?s={search_term_string}\"},\"query-input\":{\"@type\":\"PropertyValueSpecification\",\"valueRequired\":true,\"valueName\":\"search_term_string\"}}],\"inLanguage\":\"en-US\"},{\"@type\":\"Organization\",\"@id\":\"https:\/\/ikar.dev\/bceco-v2\/#organization\",\"name\":\"Bureau Central de Coordination\",\"url\":\"https:\/\/ikar.dev\/bceco-v2\/\",\"logo\":{\"@type\":\"ImageObject\",\"inLanguage\":\"en-US\",\"@id\":\"https:\/\/ikar.dev\/bceco-v2\/#\/schema\/logo\/image\/\",\"url\":\"https:\/\/ikar.dev\/bceco-v2\/wp-content\/uploads\/2025\/12\/BCECO-Bureau-Central-de-Coordination.jpg\",\"contentUrl\":\"https:\/\/ikar.dev\/bceco-v2\/wp-content\/uploads\/2025\/12\/BCECO-Bureau-Central-de-Coordination.jpg\",\"width\":2048,\"height\":2048,\"caption\":\"Bureau Central de Coordination\"},\"image\":{\"@id\":\"https:\/\/ikar.dev\/bceco-v2\/#\/schema\/logo\/image\/\"},\"sameAs\":[\"https:\/\/www.facebook.com\/BCeCoRDC\",\"https:\/\/x.com\/BCeCoRDC\"]},{\"@type\":\"Person\",\"@id\":\"https:\/\/ikar.dev\/bceco-v2\/#\/schema\/person\/6ee74807ffb016a78852fec6a295d503\",\"name\":\"bceco\",\"image\":{\"@type\":\"ImageObject\",\"inLanguage\":\"en-US\",\"@id\":\"https:\/\/ikar.dev\/bceco-v2\/#\/schema\/person\/image\/\",\"url\":\"https:\/\/secure.gravatar.com\/avatar\/55c07e1707f50774ef3c842c9d074773a6b558a20fbd1608c8e4871bc88f3455?s=96&d=mm&r=g\",\"contentUrl\":\"https:\/\/secure.gravatar.com\/avatar\/55c07e1707f50774ef3c842c9d074773a6b558a20fbd1608c8e4871bc88f3455?s=96&d=mm&r=g\",\"caption\":\"bceco\"},\"sameAs\":[\"https:\/\/ikar.dev\/bceco-v2\"],\"url\":\"https:\/\/ikar.dev\/bceco-v2\/author\/bceco\/\"}]}<\/script>\n<!-- \/ Yoast SEO plugin. -->","yoast_head_json":{"title":"TONY MWABA ET JEAN MABI SIGNE UN PROTOCOLE D\u2019ACCORD POUR LA CONSTRUCTION DES 145 \u00c9COLES - Bureau Central de Coordination","robots":{"index":"index","follow":"follow","max-snippet":"max-snippet:-1","max-image-preview":"max-image-preview:large","max-video-preview":"max-video-preview:-1"},"canonical":"https:\/\/ikar.dev\/bceco-v2\/tony-mwaba-et-jean-mabi-signe-un-protocole-daccord-pour-la-construction-des-145-ecoles\/","og_locale":"en_US","og_type":"article","og_title":"TONY MWABA ET JEAN MABI SIGNE UN PROTOCOLE D\u2019ACCORD POUR LA CONSTRUCTION DES 145 \u00c9COLES - Bureau Central de Coordination","og_description":"En r\u00e9ponse aux effets induits de la gratuit\u00e9 de l\u2019enseignement primaire dont le surpeuplement des salles par les \u00e9l\u00e8ves, le Pr\u00e9sident de la R\u00e9publique D\u00e9mocratique du Congo, F\u00e9lix-Antoine Tshisekedi Tshilombo vient de trouver la solution. Outre le projet de construction des 200 \u00e9coles dont les appels d\u2019offres ont \u00e9t\u00e9 lanc\u00e9s et les entreprises s\u00e9lectionn\u00e9es, le","og_url":"https:\/\/ikar.dev\/bceco-v2\/tony-mwaba-et-jean-mabi-signe-un-protocole-daccord-pour-la-construction-des-145-ecoles\/","og_site_name":"Bureau Central de Coordination","article_publisher":"https:\/\/www.facebook.com\/BCeCoRDC","article_published_time":"2022-10-17T17:18:39+00:00","og_image":[{"width":600,"height":400,"url":"https:\/\/ikar.dev\/bceco-v2\/wp-content\/uploads\/2022\/10\/po1547-600x400-1.png","type":"image\/png"}],"author":"bceco","twitter_card":"summary_large_image","twitter_creator":"@BCeCoRDC","twitter_site":"@BCeCoRDC","twitter_misc":{"Written by":"bceco","Est. reading time":"2 minutes"},"schema":{"@context":"https:\/\/schema.org","@graph":[{"@type":"Article","@id":"https:\/\/ikar.dev\/bceco-v2\/tony-mwaba-et-jean-mabi-signe-un-protocole-daccord-pour-la-construction-des-145-ecoles\/#article","isPartOf":{"@id":"https:\/\/ikar.dev\/bceco-v2\/tony-mwaba-et-jean-mabi-signe-un-protocole-daccord-pour-la-construction-des-145-ecoles\/"},"author":{"name":"bceco","@id":"https:\/\/ikar.dev\/bceco-v2\/#\/schema\/person\/6ee74807ffb016a78852fec6a295d503"},"headline":"TONY MWABA ET JEAN MABI SIGNE UN PROTOCOLE D\u2019ACCORD POUR LA CONSTRUCTION DES 145 \u00c9COLES","datePublished":"2022-10-17T17:18:39+00:00","mainEntityOfPage":{"@id":"https:\/\/ikar.dev\/bceco-v2\/tony-mwaba-et-jean-mabi-signe-un-protocole-daccord-pour-la-construction-des-145-ecoles\/"},"wordCount":331,"commentCount":0,"publisher":{"@id":"https:\/\/ikar.dev\/bceco-v2\/#organization"},"image":{"@id":"https:\/\/ikar.dev\/bceco-v2\/tony-mwaba-et-jean-mabi-signe-un-protocole-daccord-pour-la-construction-des-145-ecoles\/#primaryimage"},"thumbnailUrl":"https:\/\/ikar.dev\/bceco-v2\/wp-content\/uploads\/2022\/10\/po1546.png","keywords":["Protocole d'accord"],"articleSection":["Infrastructures"],"inLanguage":"en-US","potentialAction":[{"@type":"CommentAction","name":"Comment","target":["https:\/\/ikar.dev\/bceco-v2\/tony-mwaba-et-jean-mabi-signe-un-protocole-daccord-pour-la-construction-des-145-ecoles\/#respond"]}]},{"@type":"WebPage","@id":"https:\/\/ikar.dev\/bceco-v2\/tony-mwaba-et-jean-mabi-signe-un-protocole-daccord-pour-la-construction-des-145-ecoles\/","url":"https:\/\/ikar.dev\/bceco-v2\/tony-mwaba-et-jean-mabi-signe-un-protocole-daccord-pour-la-construction-des-145-ecoles\/","name":"TONY MWABA ET JEAN MABI SIGNE UN PROTOCOLE D\u2019ACCORD POUR LA CONSTRUCTION DES 145 \u00c9COLES - Bureau Central de Coordination","isPartOf":{"@id":"https:\/\/ikar.dev\/bceco-v2\/#website"},"primaryImageOfPage":{"@id":"https:\/\/ikar.dev\/bceco-v2\/tony-mwaba-et-jean-mabi-signe-un-protocole-daccord-pour-la-construction-des-145-ecoles\/#primaryimage"},"image":{"@id":"https:\/\/ikar.dev\/bceco-v2\/tony-mwaba-et-jean-mabi-signe-un-protocole-daccord-pour-la-construction-des-145-ecoles\/#primaryimage"},"thumbnailUrl":"https:\/\/ikar.dev\/bceco-v2\/wp-content\/uploads\/2022\/10\/po1546.png","datePublished":"2022-10-17T17:18:39+00:00","breadcrumb":{"@id":"https:\/\/ikar.dev\/bceco-v2\/tony-mwaba-et-jean-mabi-signe-un-protocole-daccord-pour-la-construction-des-145-ecoles\/#breadcrumb"},"inLanguage":"en-US","potentialAction":[{"@type":"ReadAction","target":["https:\/\/ikar.dev\/bceco-v2\/tony-mwaba-et-jean-mabi-signe-un-protocole-daccord-pour-la-construction-des-145-ecoles\/"]}]},{"@type":"ImageObject","inLanguage":"en-US","@id":"https:\/\/ikar.dev\/bceco-v2\/tony-mwaba-et-jean-mabi-signe-un-protocole-daccord-pour-la-construction-des-145-ecoles\/#primaryimage","url":"https:\/\/ikar.dev\/bceco-v2\/wp-content\/uploads\/2022\/10\/po1546.png","contentUrl":"https:\/\/ikar.dev\/bceco-v2\/wp-content\/uploads\/2022\/10\/po1546.png","width":605,"height":405},{"@type":"BreadcrumbList","@id":"https:\/\/ikar.dev\/bceco-v2\/tony-mwaba-et-jean-mabi-signe-un-protocole-daccord-pour-la-construction-des-145-ecoles\/#breadcrumb","itemListElement":[{"@type":"ListItem","position":1,"name":"Accueil","item":"https:\/\/ikar.dev\/bceco-v2\/"},{"@type":"ListItem","position":2,"name":"TONY MWABA ET JEAN MABI SIGNE UN PROTOCOLE D\u2019ACCORD POUR LA CONSTRUCTION DES 145 \u00c9COLES"}]},{"@type":"WebSite","@id":"https:\/\/ikar.dev\/bceco-v2\/#website","url":"https:\/\/ikar.dev\/bceco-v2\/","name":"Bureau Central de Coordination","description":"B.Ce.Co \u2013 Au c\u0153ur de l\u2019ex\u00e9cution des projets de d\u00e9veloppement en RDC","publisher":{"@id":"https:\/\/ikar.dev\/bceco-v2\/#organization"},"potentialAction":[{"@type":"SearchAction","target":{"@type":"EntryPoint","urlTemplate":"https:\/\/ikar.dev\/bceco-v2\/?s={search_term_string}"},"query-input":{"@type":"PropertyValueSpecification","valueRequired":true,"valueName":"search_term_string"}}],"inLanguage":"en-US"},{"@type":"Organization","@id":"https:\/\/ikar.dev\/bceco-v2\/#organization","name":"Bureau Central de Coordination","url":"https:\/\/ikar.dev\/bceco-v2\/","logo":{"@type":"ImageObject","inLanguage":"en-US","@id":"https:\/\/ikar.dev\/bceco-v2\/#\/schema\/logo\/image\/","url":"https:\/\/ikar.dev\/bceco-v2\/wp-content\/uploads\/2025\/12\/BCECO-Bureau-Central-de-Coordination.jpg","contentUrl":"https:\/\/ikar.dev\/bceco-v2\/wp-content\/uploads\/2025\/12\/BCECO-Bureau-Central-de-Coordination.jpg","width":2048,"height":2048,"caption":"Bureau Central de Coordination"},"image":{"@id":"https:\/\/ikar.dev\/bceco-v2\/#\/schema\/logo\/image\/"},"sameAs":["https:\/\/www.facebook.com\/BCeCoRDC","https:\/\/x.com\/BCeCoRDC"]},{"@type":"Person","@id":"https:\/\/ikar.dev\/bceco-v2\/#\/schema\/person\/6ee74807ffb016a78852fec6a295d503","name":"bceco","image":{"@type":"ImageObject","inLanguage":"en-US","@id":"https:\/\/ikar.dev\/bceco-v2\/#\/schema\/person\/image\/","url":"https:\/\/secure.gravatar.com\/avatar\/55c07e1707f50774ef3c842c9d074773a6b558a20fbd1608c8e4871bc88f3455?s=96&d=mm&r=g","contentUrl":"https:\/\/secure.gravatar.com\/avatar\/55c07e1707f50774ef3c842c9d074773a6b558a20fbd1608c8e4871bc88f3455?s=96&d=mm&r=g","caption":"bceco"},"sameAs":["https:\/\/ikar.dev\/bceco-v2"],"url":"https:\/\/ikar.dev\/bceco-v2\/author\/bceco\/"}]}},"_links":{"self":[{"href":"https:\/\/ikar.dev\/bceco-v2\/wp-json\/wp\/v2\/posts\/20411","targetHints":{"allow":["GET"]}}],"collection":[{"href":"https:\/\/ikar.dev\/bceco-v2\/wp-json\/wp\/v2\/posts"}],"about":[{"href":"https:\/\/ikar.dev\/bceco-v2\/wp-json\/wp\/v2\/types\/post"}],"author":[{"embeddable":true,"href":"https:\/\/ikar.dev\/bceco-v2\/wp-json\/wp\/v2\/users\/1"}],"replies":[{"embeddable":true,"href":"https:\/\/ikar.dev\/bceco-v2\/wp-json\/wp\/v2\/comments?post=20411"}],"version-history":[{"count":0,"href":"https:\/\/ikar.dev\/bceco-v2\/wp-json\/wp\/v2\/posts\/20411\/revisions"}],"wp:featuredmedia":[{"embeddable":true,"href":"https:\/\/ikar.dev\/bceco-v2\/wp-json\/wp\/v2\/media\/27800"}],"wp:attachment":[{"href":"https:\/\/ikar.dev\/bceco-v2\/wp-json\/wp\/v2\/media?parent=20411"}],"wp:term":[{"taxonomy":"category","embeddable":true,"href":"https:\/\/ikar.dev\/bceco-v2\/wp-json\/wp\/v2\/categories?post=20411"},{"taxonomy":"post_tag","embeddable":true,"href":"https:\/\/ikar.dev\/bceco-v2\/wp-json\/wp\/v2\/tags?post=20411"}],"curies":[{"name":"wp","href":"https:\/\/api.w.org\/{rel}","templated":true}]}}