{"id":20410,"date":"2022-12-07T07:36:59","date_gmt":"2022-12-07T07:36:59","guid":{"rendered":"https:\/\/keenitsolutions.com\/products\/wordpress\/dabble\/?p=288"},"modified":"2022-12-07T07:36:59","modified_gmt":"2022-12-07T07:36:59","slug":"10-millions-usd-pour-des-investissements-a-moanda-le-bceco-et-le-ministere-des-hydrocarbures-se-sont-repartis-les-responsabilites-pour-la-gestion-de-ce-fonds","status":"publish","type":"post","link":"https:\/\/ikar.dev\/bceco-v2\/10-millions-usd-pour-des-investissements-a-moanda-le-bceco-et-le-ministere-des-hydrocarbures-se-sont-repartis-les-responsabilites-pour-la-gestion-de-ce-fonds\/","title":{"rendered":"10 millions USD pour des investissements \u00e0 Moanda : Le BCeCo et le Minist\u00e8re des Hydrocarbures se sont r\u00e9partis les responsabilit\u00e9s pour la gestion de ce fonds"},"content":{"rendered":"<p><em>Hier mardi 6 d\u00e9cembre 2022, le Bureau Central de Coordination (BCeCo) a conclu un accord avec le Minist\u00e8re des Hydrocarbures pour la gestion de fonds estim\u00e9 \u00e0 10 millions USD dans le cadre des investissements dans le territoire de Moanda, un territoire de la province du Kongo-Central. Sign\u00e9s par Jean Mabi Mulumba, Directeur G\u00e9n\u00e9ral du BCeCo, et Didier Budimbu, Ministre des Hydrocarbures, en pr\u00e9sence de Michelle\u00a0 Makengo, Pr\u00e9sidente de la Commission de Gestion des Fonds du territoire de Moanda, ce protocole d\u2019accord fait suite \u00e0 la visite effectu\u00e9 par le num\u00e9ro un du BCeCo au mois d\u2019octobre dernier en vue de rassurer la population de Moanda sur\u00a0 la disponibilit\u00e9 de 10 millions USD r\u00e9troc\u00e9d\u00e9s par la soci\u00e9t\u00e9 p\u00e9troli\u00e8re Perenco (une soci\u00e9t\u00e9 sous tutelle du Minist\u00e8re des Hydrocarbures) dans le cadre\u00a0 la paye de ses taxes. Il vise donc \u00a0r\u00e9aliser des investissements au b\u00e9n\u00e9fice de la population de ce territoire riche en p\u00e9trole.<\/em><\/p>\n<blockquote><p>\u00ab\u00a0<em>Comme vous le savez, le Chef de l\u2019Etat avait instruit le gouvernement d\u2019accorder un montant de 10 millions USD pour le financement dans le cadre des investissements dans le territoire de Moanda au Kongo-central. Dans le but de mat\u00e9rialiser cette d\u00e9cision, le BCeCo a \u00e9t\u00e9 retenu comme agence d\u2019ex\u00e9cution<\/em>\u00a0\u00bb, a rappel\u00e9 le DG Jean Mabi avant de souligner que c\u2019est \u00a0\u00e0 ce titre que ce protocole d\u2019accord a \u00e9t\u00e9 sign\u00e9 et reparti avec les responsabilit\u00e9s du Minist\u00e8re des Hydrocarbures et le BCeCo dans le cadre de la gestion de ce fonds.<\/p><\/blockquote>\n<p><img fetchpriority=\"high\" decoding=\"async\" class=\"alignnone wp-image-27805 size-full\" src=\"https:\/\/ikar.dev\/bceco-v2\/wp-content\/uploads\/2021\/12\/WhatsApp-Image-2022-12-06-at-6.52.29-PM.jpeg\" alt=\"\" width=\"864\" height=\"576\" srcset=\"https:\/\/ikar.dev\/bceco-v2\/wp-content\/uploads\/2021\/12\/WhatsApp-Image-2022-12-06-at-6.52.29-PM.jpeg 864w, https:\/\/ikar.dev\/bceco-v2\/wp-content\/uploads\/2021\/12\/WhatsApp-Image-2022-12-06-at-6.52.29-PM-768x512.jpeg 768w, https:\/\/ikar.dev\/bceco-v2\/wp-content\/uploads\/2021\/12\/WhatsApp-Image-2022-12-06-at-6.52.29-PM-600x400.jpeg 600w\" sizes=\"(max-width: 864px) 100vw, 864px\" \/><\/p>\n<p>Cette \u00e9tape de signature ainsi franchie, la r\u00e9alisation des priorit\u00e9s du territoire de Moanda se dessine d\u00e9j\u00e0 a l\u2019horizon mais il est imp\u00e9rieux de signaler que tout contrat \u00e0 signer avec un prestataire passera par un appel d\u2019offre. \u00ab\u00a0<em>Il s\u2019agira d\u2019une gestion participative. Les activit\u00e9s et priorit\u00e9s seront d\u00e9finies par les communaut\u00e9s. Et c\u2019est sur base de cela que le BCeCo va pouvoir recruter les prestataires et mettre en \u0153uvre ces activit\u00e9s. Une chose importante que j\u2019aimerai souligner, est que tout contrat sera attribuer de mani\u00e8re comp\u00e9titive. Donc, il n\u2019y aura pas de march\u00e9 de gr\u00e9 \u00e0 gr\u00e9<\/em>\u00a0\u00bb, a indiqu\u00e9 Jean Mabi Mulumba apr\u00e8s la c\u00e9r\u00e9monie de signature.<\/p>\n<p>Les habitants du territoire de Moanda ont un acc\u00e8s difficile \u00e0 l\u2019\u00e9lectricit\u00e9. Une grande partie de ce territoire est donc priv\u00e9e de cette denr\u00e9e. Pour ces habitants, l\u2019am\u00e9lioration du r\u00e9seau de distribution \u00e9lectrique des cette partie du Kongo-Central constitue une priorit\u00e9 majeure. \u00ab\u00a0<em>Parmi les priorit\u00e9s de Moanda, l\u2019\u00e9lectricit\u00e9 revient souvent. A ce titre, nous avons d\u00e9p\u00each\u00e9 une \u00e9quipe \u00e0 Moanda pour rencontrer les autorit\u00e9s de Perenco qui fournit l\u2019\u00e9lectricit\u00e9 \u00e0 Moanda<\/em>\u00a0\u00bb a-t-il renseign\u00e9 tout en pr\u00e9cisant que cette \u00e9quipe du BCeCo va travailler pour voir dans quelle mesure le Perenco peut augmenter sa capacit\u00e9 de distribution en \u00e9lectricit\u00e9 mais aussi pour discuter avec la SNEL sur la possibilit\u00e9 d\u2019am\u00e9liorer le r\u00e9seau de distribution et d\u2019\u00e9tendre le r\u00e9seau.<\/p>\n<p><strong>La ville de Moanda<\/strong><\/p>\n<p>Moanda est un territoire de la province du Kongo-Central en R\u00e9publique D\u00e9mocratique du Congo dont la superficie est \u00e9valu\u00e9e \u00e0 4.265 km\u00b2. C\u2019est la seule agglom\u00e9ration c\u00f4ti\u00e8re du pays. En bord de mer, l\u2019ancien lotissement europ\u00e9en accueille notamment divers h\u00f4tels. Le c\u0153ur de la localit\u00e9, la \u00abcit\u00e9\u00bb, est situ\u00e9 \u00e0 l\u2019est. Le territoire de Moanda inclut aussi un a\u00e9roport de code IATA FZAG (5\u00b0 55\u2032 51S 12\u00b0 21\u2032 6E), et un port, Banana, \u00e0 15 kilom\u00e8tres au sud, \u00e0 la jonction du fleuve Congo et de l\u2019Oc\u00e9an Atlantique.<\/p>\n<p>La principale activit\u00e9 \u00e9conomique de Moanda est l\u2019extraction p\u00e9troli\u00e8re onshore et offshore. Viennent ensuite les activit\u00e9s vivri\u00e8res qui ont longtemps eu du mal \u00e0 cohabiter avec l\u2019exploitation du p\u00e9trole, mais qui, depuis quelques ann\u00e9es, trouvent leur place dans cet espace de cohabitation conviviale et d\u2019int\u00e9r\u00eat mutuel.<\/p>\n<p><strong>Djodjo Mulamba<\/strong><\/p>\n","protected":false},"excerpt":{"rendered":"<p>Hier mardi 6 d\u00e9cembre 2022, le Bureau Central de Coordination (BCeCo) a conclu un accord avec le Minist\u00e8re des Hydrocarbures pour la gestion de fonds estim\u00e9 \u00e0 10 millions USD dans le cadre des investissements dans le territoire de Moanda, un territoire de la province du Kongo-Central. Sign\u00e9s par Jean Mabi Mulumba, Directeur G\u00e9n\u00e9ral du<\/p>\n","protected":false},"author":1,"featured_media":27804,"comment_status":"open","ping_status":"open","sticky":false,"template":"","format":"standard","meta":{"footnotes":""},"categories":[63],"tags":[64,65],"class_list":["post-20410","post","type-post","status-publish","format-standard","has-post-thumbnail","hentry","category-infrastructures","tag-pdl145t","tag-protocole-daccord"],"yoast_head":"<!-- This site is optimized with the Yoast SEO plugin v26.7 - https:\/\/yoast.com\/wordpress\/plugins\/seo\/ -->\n<title>10 millions USD pour des investissements \u00e0 Moanda : Le BCeCo et le Minist\u00e8re des Hydrocarbures se sont r\u00e9partis les responsabilit\u00e9s pour la gestion de ce fonds - Bureau Central de Coordination<\/title>\n<meta name=\"robots\" content=\"index, follow, max-snippet:-1, max-image-preview:large, max-video-preview:-1\" \/>\n<link rel=\"canonical\" href=\"https:\/\/ikar.dev\/bceco-v2\/10-millions-usd-pour-des-investissements-a-moanda-le-bceco-et-le-ministere-des-hydrocarbures-se-sont-repartis-les-responsabilites-pour-la-gestion-de-ce-fonds\/\" \/>\n<meta property=\"og:locale\" content=\"en_US\" \/>\n<meta property=\"og:type\" content=\"article\" \/>\n<meta property=\"og:title\" content=\"10 millions USD pour des investissements \u00e0 Moanda : Le BCeCo et le Minist\u00e8re des Hydrocarbures se sont r\u00e9partis les responsabilit\u00e9s pour la gestion de ce fonds - Bureau Central de Coordination\" \/>\n<meta property=\"og:description\" content=\"Hier mardi 6 d\u00e9cembre 2022, le Bureau Central de Coordination (BCeCo) a conclu un accord avec le Minist\u00e8re des Hydrocarbures pour la gestion de fonds estim\u00e9 \u00e0 10 millions USD dans le cadre des investissements dans le territoire de Moanda, un territoire de la province du Kongo-Central. Sign\u00e9s par Jean Mabi Mulumba, Directeur G\u00e9n\u00e9ral du\" \/>\n<meta property=\"og:url\" content=\"https:\/\/ikar.dev\/bceco-v2\/10-millions-usd-pour-des-investissements-a-moanda-le-bceco-et-le-ministere-des-hydrocarbures-se-sont-repartis-les-responsabilites-pour-la-gestion-de-ce-fonds\/\" \/>\n<meta property=\"og:site_name\" content=\"Bureau Central de Coordination\" \/>\n<meta property=\"article:publisher\" content=\"https:\/\/www.facebook.com\/BCeCoRDC\" \/>\n<meta property=\"article:published_time\" content=\"2022-12-07T07:36:59+00:00\" \/>\n<meta property=\"og:image\" content=\"https:\/\/ikar.dev\/bceco-v2\/wp-content\/uploads\/2021\/12\/WhatsApp-Image-2022-12-06-at-6.52.29-PM.jpeg\" \/>\n\t<meta property=\"og:image:width\" content=\"864\" \/>\n\t<meta property=\"og:image:height\" content=\"576\" \/>\n\t<meta property=\"og:image:type\" content=\"image\/jpeg\" \/>\n<meta name=\"author\" content=\"bceco\" \/>\n<meta name=\"twitter:card\" content=\"summary_large_image\" \/>\n<meta name=\"twitter:creator\" content=\"@BCeCoRDC\" \/>\n<meta name=\"twitter:site\" content=\"@BCeCoRDC\" \/>\n<meta name=\"twitter:label1\" content=\"Written by\" \/>\n\t<meta name=\"twitter:data1\" content=\"bceco\" \/>\n\t<meta name=\"twitter:label2\" content=\"Est. reading time\" \/>\n\t<meta name=\"twitter:data2\" content=\"3 minutes\" \/>\n<script type=\"application\/ld+json\" class=\"yoast-schema-graph\">{\"@context\":\"https:\/\/schema.org\",\"@graph\":[{\"@type\":\"Article\",\"@id\":\"https:\/\/ikar.dev\/bceco-v2\/10-millions-usd-pour-des-investissements-a-moanda-le-bceco-et-le-ministere-des-hydrocarbures-se-sont-repartis-les-responsabilites-pour-la-gestion-de-ce-fonds\/#article\",\"isPartOf\":{\"@id\":\"https:\/\/ikar.dev\/bceco-v2\/10-millions-usd-pour-des-investissements-a-moanda-le-bceco-et-le-ministere-des-hydrocarbures-se-sont-repartis-les-responsabilites-pour-la-gestion-de-ce-fonds\/\"},\"author\":{\"name\":\"bceco\",\"@id\":\"https:\/\/ikar.dev\/bceco-v2\/#\/schema\/person\/6ee74807ffb016a78852fec6a295d503\"},\"headline\":\"10 millions USD pour des investissements \u00e0 Moanda : Le BCeCo et le Minist\u00e8re des Hydrocarbures se sont r\u00e9partis les responsabilit\u00e9s pour la gestion de ce fonds\",\"datePublished\":\"2022-12-07T07:36:59+00:00\",\"mainEntityOfPage\":{\"@id\":\"https:\/\/ikar.dev\/bceco-v2\/10-millions-usd-pour-des-investissements-a-moanda-le-bceco-et-le-ministere-des-hydrocarbures-se-sont-repartis-les-responsabilites-pour-la-gestion-de-ce-fonds\/\"},\"wordCount\":710,\"commentCount\":0,\"publisher\":{\"@id\":\"https:\/\/ikar.dev\/bceco-v2\/#organization\"},\"image\":{\"@id\":\"https:\/\/ikar.dev\/bceco-v2\/10-millions-usd-pour-des-investissements-a-moanda-le-bceco-et-le-ministere-des-hydrocarbures-se-sont-repartis-les-responsabilites-pour-la-gestion-de-ce-fonds\/#primaryimage\"},\"thumbnailUrl\":\"https:\/\/ikar.dev\/bceco-v2\/wp-content\/uploads\/2021\/12\/318329031_120501657547851_808990305008542158_n.jpg\",\"keywords\":[\"PDL145T\",\"Protocole d'accord\"],\"articleSection\":[\"Infrastructures\"],\"inLanguage\":\"en-US\",\"potentialAction\":[{\"@type\":\"CommentAction\",\"name\":\"Comment\",\"target\":[\"https:\/\/ikar.dev\/bceco-v2\/10-millions-usd-pour-des-investissements-a-moanda-le-bceco-et-le-ministere-des-hydrocarbures-se-sont-repartis-les-responsabilites-pour-la-gestion-de-ce-fonds\/#respond\"]}]},{\"@type\":\"WebPage\",\"@id\":\"https:\/\/ikar.dev\/bceco-v2\/10-millions-usd-pour-des-investissements-a-moanda-le-bceco-et-le-ministere-des-hydrocarbures-se-sont-repartis-les-responsabilites-pour-la-gestion-de-ce-fonds\/\",\"url\":\"https:\/\/ikar.dev\/bceco-v2\/10-millions-usd-pour-des-investissements-a-moanda-le-bceco-et-le-ministere-des-hydrocarbures-se-sont-repartis-les-responsabilites-pour-la-gestion-de-ce-fonds\/\",\"name\":\"10 millions USD pour des investissements \u00e0 Moanda : Le BCeCo et le Minist\u00e8re des Hydrocarbures se sont r\u00e9partis les responsabilit\u00e9s pour la gestion de ce fonds - Bureau Central de Coordination\",\"isPartOf\":{\"@id\":\"https:\/\/ikar.dev\/bceco-v2\/#website\"},\"primaryImageOfPage\":{\"@id\":\"https:\/\/ikar.dev\/bceco-v2\/10-millions-usd-pour-des-investissements-a-moanda-le-bceco-et-le-ministere-des-hydrocarbures-se-sont-repartis-les-responsabilites-pour-la-gestion-de-ce-fonds\/#primaryimage\"},\"image\":{\"@id\":\"https:\/\/ikar.dev\/bceco-v2\/10-millions-usd-pour-des-investissements-a-moanda-le-bceco-et-le-ministere-des-hydrocarbures-se-sont-repartis-les-responsabilites-pour-la-gestion-de-ce-fonds\/#primaryimage\"},\"thumbnailUrl\":\"https:\/\/ikar.dev\/bceco-v2\/wp-content\/uploads\/2021\/12\/318329031_120501657547851_808990305008542158_n.jpg\",\"datePublished\":\"2022-12-07T07:36:59+00:00\",\"breadcrumb\":{\"@id\":\"https:\/\/ikar.dev\/bceco-v2\/10-millions-usd-pour-des-investissements-a-moanda-le-bceco-et-le-ministere-des-hydrocarbures-se-sont-repartis-les-responsabilites-pour-la-gestion-de-ce-fonds\/#breadcrumb\"},\"inLanguage\":\"en-US\",\"potentialAction\":[{\"@type\":\"ReadAction\",\"target\":[\"https:\/\/ikar.dev\/bceco-v2\/10-millions-usd-pour-des-investissements-a-moanda-le-bceco-et-le-ministere-des-hydrocarbures-se-sont-repartis-les-responsabilites-pour-la-gestion-de-ce-fonds\/\"]}]},{\"@type\":\"ImageObject\",\"inLanguage\":\"en-US\",\"@id\":\"https:\/\/ikar.dev\/bceco-v2\/10-millions-usd-pour-des-investissements-a-moanda-le-bceco-et-le-ministere-des-hydrocarbures-se-sont-repartis-les-responsabilites-pour-la-gestion-de-ce-fonds\/#primaryimage\",\"url\":\"https:\/\/ikar.dev\/bceco-v2\/wp-content\/uploads\/2021\/12\/318329031_120501657547851_808990305008542158_n.jpg\",\"contentUrl\":\"https:\/\/ikar.dev\/bceco-v2\/wp-content\/uploads\/2021\/12\/318329031_120501657547851_808990305008542158_n.jpg\",\"width\":768,\"height\":398},{\"@type\":\"BreadcrumbList\",\"@id\":\"https:\/\/ikar.dev\/bceco-v2\/10-millions-usd-pour-des-investissements-a-moanda-le-bceco-et-le-ministere-des-hydrocarbures-se-sont-repartis-les-responsabilites-pour-la-gestion-de-ce-fonds\/#breadcrumb\",\"itemListElement\":[{\"@type\":\"ListItem\",\"position\":1,\"name\":\"Accueil\",\"item\":\"https:\/\/ikar.dev\/bceco-v2\/\"},{\"@type\":\"ListItem\",\"position\":2,\"name\":\"10 millions USD pour des investissements \u00e0 Moanda : Le BCeCo et le Minist\u00e8re des Hydrocarbures se sont r\u00e9partis les responsabilit\u00e9s pour la gestion de ce fonds\"}]},{\"@type\":\"WebSite\",\"@id\":\"https:\/\/ikar.dev\/bceco-v2\/#website\",\"url\":\"https:\/\/ikar.dev\/bceco-v2\/\",\"name\":\"Bureau Central de Coordination\",\"description\":\"B.Ce.Co \u2013 Au c\u0153ur de l\u2019ex\u00e9cution des projets de d\u00e9veloppement en RDC\",\"publisher\":{\"@id\":\"https:\/\/ikar.dev\/bceco-v2\/#organization\"},\"potentialAction\":[{\"@type\":\"SearchAction\",\"target\":{\"@type\":\"EntryPoint\",\"urlTemplate\":\"https:\/\/ikar.dev\/bceco-v2\/?s={search_term_string}\"},\"query-input\":{\"@type\":\"PropertyValueSpecification\",\"valueRequired\":true,\"valueName\":\"search_term_string\"}}],\"inLanguage\":\"en-US\"},{\"@type\":\"Organization\",\"@id\":\"https:\/\/ikar.dev\/bceco-v2\/#organization\",\"name\":\"Bureau Central de Coordination\",\"url\":\"https:\/\/ikar.dev\/bceco-v2\/\",\"logo\":{\"@type\":\"ImageObject\",\"inLanguage\":\"en-US\",\"@id\":\"https:\/\/ikar.dev\/bceco-v2\/#\/schema\/logo\/image\/\",\"url\":\"https:\/\/ikar.dev\/bceco-v2\/wp-content\/uploads\/2025\/12\/BCECO-Bureau-Central-de-Coordination.jpg\",\"contentUrl\":\"https:\/\/ikar.dev\/bceco-v2\/wp-content\/uploads\/2025\/12\/BCECO-Bureau-Central-de-Coordination.jpg\",\"width\":2048,\"height\":2048,\"caption\":\"Bureau Central de Coordination\"},\"image\":{\"@id\":\"https:\/\/ikar.dev\/bceco-v2\/#\/schema\/logo\/image\/\"},\"sameAs\":[\"https:\/\/www.facebook.com\/BCeCoRDC\",\"https:\/\/x.com\/BCeCoRDC\"]},{\"@type\":\"Person\",\"@id\":\"https:\/\/ikar.dev\/bceco-v2\/#\/schema\/person\/6ee74807ffb016a78852fec6a295d503\",\"name\":\"bceco\",\"image\":{\"@type\":\"ImageObject\",\"inLanguage\":\"en-US\",\"@id\":\"https:\/\/ikar.dev\/bceco-v2\/#\/schema\/person\/image\/\",\"url\":\"https:\/\/secure.gravatar.com\/avatar\/55c07e1707f50774ef3c842c9d074773a6b558a20fbd1608c8e4871bc88f3455?s=96&d=mm&r=g\",\"contentUrl\":\"https:\/\/secure.gravatar.com\/avatar\/55c07e1707f50774ef3c842c9d074773a6b558a20fbd1608c8e4871bc88f3455?s=96&d=mm&r=g\",\"caption\":\"bceco\"},\"sameAs\":[\"https:\/\/ikar.dev\/bceco-v2\"],\"url\":\"https:\/\/ikar.dev\/bceco-v2\/author\/bceco\/\"}]}<\/script>\n<!-- \/ Yoast SEO plugin. -->","yoast_head_json":{"title":"10 millions USD pour des investissements \u00e0 Moanda : Le BCeCo et le Minist\u00e8re des Hydrocarbures se sont r\u00e9partis les responsabilit\u00e9s pour la gestion de ce fonds - Bureau Central de Coordination","robots":{"index":"index","follow":"follow","max-snippet":"max-snippet:-1","max-image-preview":"max-image-preview:large","max-video-preview":"max-video-preview:-1"},"canonical":"https:\/\/ikar.dev\/bceco-v2\/10-millions-usd-pour-des-investissements-a-moanda-le-bceco-et-le-ministere-des-hydrocarbures-se-sont-repartis-les-responsabilites-pour-la-gestion-de-ce-fonds\/","og_locale":"en_US","og_type":"article","og_title":"10 millions USD pour des investissements \u00e0 Moanda : Le BCeCo et le Minist\u00e8re des Hydrocarbures se sont r\u00e9partis les responsabilit\u00e9s pour la gestion de ce fonds - Bureau Central de Coordination","og_description":"Hier mardi 6 d\u00e9cembre 2022, le Bureau Central de Coordination (BCeCo) a conclu un accord avec le Minist\u00e8re des Hydrocarbures pour la gestion de fonds estim\u00e9 \u00e0 10 millions USD dans le cadre des investissements dans le territoire de Moanda, un territoire de la province du Kongo-Central. Sign\u00e9s par Jean Mabi Mulumba, Directeur G\u00e9n\u00e9ral du","og_url":"https:\/\/ikar.dev\/bceco-v2\/10-millions-usd-pour-des-investissements-a-moanda-le-bceco-et-le-ministere-des-hydrocarbures-se-sont-repartis-les-responsabilites-pour-la-gestion-de-ce-fonds\/","og_site_name":"Bureau Central de Coordination","article_publisher":"https:\/\/www.facebook.com\/BCeCoRDC","article_published_time":"2022-12-07T07:36:59+00:00","og_image":[{"width":864,"height":576,"url":"https:\/\/ikar.dev\/bceco-v2\/wp-content\/uploads\/2021\/12\/WhatsApp-Image-2022-12-06-at-6.52.29-PM.jpeg","type":"image\/jpeg"}],"author":"bceco","twitter_card":"summary_large_image","twitter_creator":"@BCeCoRDC","twitter_site":"@BCeCoRDC","twitter_misc":{"Written by":"bceco","Est. reading time":"3 minutes"},"schema":{"@context":"https:\/\/schema.org","@graph":[{"@type":"Article","@id":"https:\/\/ikar.dev\/bceco-v2\/10-millions-usd-pour-des-investissements-a-moanda-le-bceco-et-le-ministere-des-hydrocarbures-se-sont-repartis-les-responsabilites-pour-la-gestion-de-ce-fonds\/#article","isPartOf":{"@id":"https:\/\/ikar.dev\/bceco-v2\/10-millions-usd-pour-des-investissements-a-moanda-le-bceco-et-le-ministere-des-hydrocarbures-se-sont-repartis-les-responsabilites-pour-la-gestion-de-ce-fonds\/"},"author":{"name":"bceco","@id":"https:\/\/ikar.dev\/bceco-v2\/#\/schema\/person\/6ee74807ffb016a78852fec6a295d503"},"headline":"10 millions USD pour des investissements \u00e0 Moanda : Le BCeCo et le Minist\u00e8re des Hydrocarbures se sont r\u00e9partis les responsabilit\u00e9s pour la gestion de ce fonds","datePublished":"2022-12-07T07:36:59+00:00","mainEntityOfPage":{"@id":"https:\/\/ikar.dev\/bceco-v2\/10-millions-usd-pour-des-investissements-a-moanda-le-bceco-et-le-ministere-des-hydrocarbures-se-sont-repartis-les-responsabilites-pour-la-gestion-de-ce-fonds\/"},"wordCount":710,"commentCount":0,"publisher":{"@id":"https:\/\/ikar.dev\/bceco-v2\/#organization"},"image":{"@id":"https:\/\/ikar.dev\/bceco-v2\/10-millions-usd-pour-des-investissements-a-moanda-le-bceco-et-le-ministere-des-hydrocarbures-se-sont-repartis-les-responsabilites-pour-la-gestion-de-ce-fonds\/#primaryimage"},"thumbnailUrl":"https:\/\/ikar.dev\/bceco-v2\/wp-content\/uploads\/2021\/12\/318329031_120501657547851_808990305008542158_n.jpg","keywords":["PDL145T","Protocole d'accord"],"articleSection":["Infrastructures"],"inLanguage":"en-US","potentialAction":[{"@type":"CommentAction","name":"Comment","target":["https:\/\/ikar.dev\/bceco-v2\/10-millions-usd-pour-des-investissements-a-moanda-le-bceco-et-le-ministere-des-hydrocarbures-se-sont-repartis-les-responsabilites-pour-la-gestion-de-ce-fonds\/#respond"]}]},{"@type":"WebPage","@id":"https:\/\/ikar.dev\/bceco-v2\/10-millions-usd-pour-des-investissements-a-moanda-le-bceco-et-le-ministere-des-hydrocarbures-se-sont-repartis-les-responsabilites-pour-la-gestion-de-ce-fonds\/","url":"https:\/\/ikar.dev\/bceco-v2\/10-millions-usd-pour-des-investissements-a-moanda-le-bceco-et-le-ministere-des-hydrocarbures-se-sont-repartis-les-responsabilites-pour-la-gestion-de-ce-fonds\/","name":"10 millions USD pour des investissements \u00e0 Moanda : Le BCeCo et le Minist\u00e8re des Hydrocarbures se sont r\u00e9partis les responsabilit\u00e9s pour la gestion de ce fonds - Bureau Central de Coordination","isPartOf":{"@id":"https:\/\/ikar.dev\/bceco-v2\/#website"},"primaryImageOfPage":{"@id":"https:\/\/ikar.dev\/bceco-v2\/10-millions-usd-pour-des-investissements-a-moanda-le-bceco-et-le-ministere-des-hydrocarbures-se-sont-repartis-les-responsabilites-pour-la-gestion-de-ce-fonds\/#primaryimage"},"image":{"@id":"https:\/\/ikar.dev\/bceco-v2\/10-millions-usd-pour-des-investissements-a-moanda-le-bceco-et-le-ministere-des-hydrocarbures-se-sont-repartis-les-responsabilites-pour-la-gestion-de-ce-fonds\/#primaryimage"},"thumbnailUrl":"https:\/\/ikar.dev\/bceco-v2\/wp-content\/uploads\/2021\/12\/318329031_120501657547851_808990305008542158_n.jpg","datePublished":"2022-12-07T07:36:59+00:00","breadcrumb":{"@id":"https:\/\/ikar.dev\/bceco-v2\/10-millions-usd-pour-des-investissements-a-moanda-le-bceco-et-le-ministere-des-hydrocarbures-se-sont-repartis-les-responsabilites-pour-la-gestion-de-ce-fonds\/#breadcrumb"},"inLanguage":"en-US","potentialAction":[{"@type":"ReadAction","target":["https:\/\/ikar.dev\/bceco-v2\/10-millions-usd-pour-des-investissements-a-moanda-le-bceco-et-le-ministere-des-hydrocarbures-se-sont-repartis-les-responsabilites-pour-la-gestion-de-ce-fonds\/"]}]},{"@type":"ImageObject","inLanguage":"en-US","@id":"https:\/\/ikar.dev\/bceco-v2\/10-millions-usd-pour-des-investissements-a-moanda-le-bceco-et-le-ministere-des-hydrocarbures-se-sont-repartis-les-responsabilites-pour-la-gestion-de-ce-fonds\/#primaryimage","url":"https:\/\/ikar.dev\/bceco-v2\/wp-content\/uploads\/2021\/12\/318329031_120501657547851_808990305008542158_n.jpg","contentUrl":"https:\/\/ikar.dev\/bceco-v2\/wp-content\/uploads\/2021\/12\/318329031_120501657547851_808990305008542158_n.jpg","width":768,"height":398},{"@type":"BreadcrumbList","@id":"https:\/\/ikar.dev\/bceco-v2\/10-millions-usd-pour-des-investissements-a-moanda-le-bceco-et-le-ministere-des-hydrocarbures-se-sont-repartis-les-responsabilites-pour-la-gestion-de-ce-fonds\/#breadcrumb","itemListElement":[{"@type":"ListItem","position":1,"name":"Accueil","item":"https:\/\/ikar.dev\/bceco-v2\/"},{"@type":"ListItem","position":2,"name":"10 millions USD pour des investissements \u00e0 Moanda : Le BCeCo et le Minist\u00e8re des Hydrocarbures se sont r\u00e9partis les responsabilit\u00e9s pour la gestion de ce fonds"}]},{"@type":"WebSite","@id":"https:\/\/ikar.dev\/bceco-v2\/#website","url":"https:\/\/ikar.dev\/bceco-v2\/","name":"Bureau Central de Coordination","description":"B.Ce.Co \u2013 Au c\u0153ur de l\u2019ex\u00e9cution des projets de d\u00e9veloppement en RDC","publisher":{"@id":"https:\/\/ikar.dev\/bceco-v2\/#organization"},"potentialAction":[{"@type":"SearchAction","target":{"@type":"EntryPoint","urlTemplate":"https:\/\/ikar.dev\/bceco-v2\/?s={search_term_string}"},"query-input":{"@type":"PropertyValueSpecification","valueRequired":true,"valueName":"search_term_string"}}],"inLanguage":"en-US"},{"@type":"Organization","@id":"https:\/\/ikar.dev\/bceco-v2\/#organization","name":"Bureau Central de Coordination","url":"https:\/\/ikar.dev\/bceco-v2\/","logo":{"@type":"ImageObject","inLanguage":"en-US","@id":"https:\/\/ikar.dev\/bceco-v2\/#\/schema\/logo\/image\/","url":"https:\/\/ikar.dev\/bceco-v2\/wp-content\/uploads\/2025\/12\/BCECO-Bureau-Central-de-Coordination.jpg","contentUrl":"https:\/\/ikar.dev\/bceco-v2\/wp-content\/uploads\/2025\/12\/BCECO-Bureau-Central-de-Coordination.jpg","width":2048,"height":2048,"caption":"Bureau Central de Coordination"},"image":{"@id":"https:\/\/ikar.dev\/bceco-v2\/#\/schema\/logo\/image\/"},"sameAs":["https:\/\/www.facebook.com\/BCeCoRDC","https:\/\/x.com\/BCeCoRDC"]},{"@type":"Person","@id":"https:\/\/ikar.dev\/bceco-v2\/#\/schema\/person\/6ee74807ffb016a78852fec6a295d503","name":"bceco","image":{"@type":"ImageObject","inLanguage":"en-US","@id":"https:\/\/ikar.dev\/bceco-v2\/#\/schema\/person\/image\/","url":"https:\/\/secure.gravatar.com\/avatar\/55c07e1707f50774ef3c842c9d074773a6b558a20fbd1608c8e4871bc88f3455?s=96&d=mm&r=g","contentUrl":"https:\/\/secure.gravatar.com\/avatar\/55c07e1707f50774ef3c842c9d074773a6b558a20fbd1608c8e4871bc88f3455?s=96&d=mm&r=g","caption":"bceco"},"sameAs":["https:\/\/ikar.dev\/bceco-v2"],"url":"https:\/\/ikar.dev\/bceco-v2\/author\/bceco\/"}]}},"_links":{"self":[{"href":"https:\/\/ikar.dev\/bceco-v2\/wp-json\/wp\/v2\/posts\/20410","targetHints":{"allow":["GET"]}}],"collection":[{"href":"https:\/\/ikar.dev\/bceco-v2\/wp-json\/wp\/v2\/posts"}],"about":[{"href":"https:\/\/ikar.dev\/bceco-v2\/wp-json\/wp\/v2\/types\/post"}],"author":[{"embeddable":true,"href":"https:\/\/ikar.dev\/bceco-v2\/wp-json\/wp\/v2\/users\/1"}],"replies":[{"embeddable":true,"href":"https:\/\/ikar.dev\/bceco-v2\/wp-json\/wp\/v2\/comments?post=20410"}],"version-history":[{"count":0,"href":"https:\/\/ikar.dev\/bceco-v2\/wp-json\/wp\/v2\/posts\/20410\/revisions"}],"wp:featuredmedia":[{"embeddable":true,"href":"https:\/\/ikar.dev\/bceco-v2\/wp-json\/wp\/v2\/media\/27804"}],"wp:attachment":[{"href":"https:\/\/ikar.dev\/bceco-v2\/wp-json\/wp\/v2\/media?parent=20410"}],"wp:term":[{"taxonomy":"category","embeddable":true,"href":"https:\/\/ikar.dev\/bceco-v2\/wp-json\/wp\/v2\/categories?post=20410"},{"taxonomy":"post_tag","embeddable":true,"href":"https:\/\/ikar.dev\/bceco-v2\/wp-json\/wp\/v2\/tags?post=20410"}],"curies":[{"name":"wp","href":"https:\/\/api.w.org\/{rel}","templated":true}]}}