{"id":20409,"date":"2022-02-10T16:14:25","date_gmt":"2022-02-10T16:14:25","guid":{"rendered":"https:\/\/keenitsolutions.com\/products\/wordpress\/dabble\/?p=285"},"modified":"2022-02-10T16:14:25","modified_gmt":"2022-02-10T16:14:25","slug":"bceco-le-nouveau-dg-jean-mabi-mulumba-promet-des-reformes-pour-faire-de-ce-service-une-agence-de-developpement","status":"publish","type":"post","link":"https:\/\/ikar.dev\/bceco-v2\/bceco-le-nouveau-dg-jean-mabi-mulumba-promet-des-reformes-pour-faire-de-ce-service-une-agence-de-developpement\/","title":{"rendered":"BCECO : Le nouveau DG, Jean Mabi Mulumba, promet des r\u00e9formes pour faire de ce service une agence de d\u00e9veloppement"},"content":{"rendered":"<p>Le nouveau directeur g\u00e9n\u00e9ral du Bureau Central de Coordination, (BCECO) Jean Mabi Mulumba, a officiellement pris ses fonctions ce mercredi 9 f\u00e9vrier 2022 au terme de la c\u00e9r\u00e9monie de remise et reprise avec le directeur g\u00e9n\u00e9ral sortant, Gaspard Kabongo Mukise, jusqu&#8217;ici int\u00e9rimaire.<\/p>\n<p>Cette c\u00e9r\u00e9monie a \u00e9t\u00e9 pr\u00e9sid\u00e9e par le directeur de cabinet du ministre des Finances Nicolas Kazadi, en pr\u00e9sence de plusieurs cadres et agents de ce service public plac\u00e9 sous tutelle du minist\u00e8re des finances.<\/p>\n<p>Dans sa prise de parole, le DG Jean Mabi Mulumba a promis d&#8217;initier des r\u00e9formes pour permettre au Bureau Central de Coordination de devenir une agence de d\u00e9veloppement.<\/p>\n<blockquote><p>&#8220;<em>G\u00e9n\u00e9ralement, les gens ont peur des r\u00e9formes parce que l&#8217;on sait d&#8217;o\u00f9 on vient et l&#8217;on ne sait pas d&#8217;o\u00f9 on part. Mais je vous rassure que sans r\u00e9formes, nous n&#8217;y arriverons pas. Et cette r\u00e9forme je la ferais avec vous le personnel du BCECO. L&#8217;objectif de cette r\u00e9forme c&#8217;est de faire aujourd&#8217;hui du BCECO une agence de d\u00e9veloppement. \u00c7a c&#8217;est vraiment le souhait des autorit\u00e9s, faire en sorte que le BCECO puisse capter une grosse partie des ressources des partenaires qui viennent car BCECO a les comp\u00e9tences<\/em>&#8220;, a-t-il d\u00e9clar\u00e9.<\/p><\/blockquote>\n<p>Tout en insistant sur la n\u00e9cessit\u00e9 de restaurer la cr\u00e9dibilit\u00e9 du BCECO, Jean Mabi Mulumba a annonc\u00e9 que les agents signeront dans les jours \u00e0 venir un acte d&#8217;engagement pour respecter le code d&#8217;\u00e9thique de ce service public.<\/p>\n<blockquote><p><em>&#8220;J&#8217;ai un mot particulier pour le personnel de BCECO, je vous confirme que je ne viens pas ici pour r\u00e9gler des comptes \u00e0 qui que ce soit, soyez-en rassur\u00e9s. Mais ce que j&#8217;exige de vous, c&#8217;est le respect d&#8217;un certain nombre de r\u00e8gles d&#8217;\u00e9thique et morale. Dans les jours qui viennent, chacun de nous va signer une note d&#8217;engagement, o\u00f9 il s&#8217;engage \u00e0 respecter le code d&#8217;\u00e9thique du BCECO. Tout ce que nous allons faire, c&#8217;est dans le respect des lois et des r\u00e8gles<\/em>&#8220;, a rench\u00e9ri le DG Jean Mabi Mulumba.<\/p><\/blockquote>\n<p>Dans la foul\u00e9e, Jean Mabi Mulumba a promis de travailler de mani\u00e8re transparente.<\/p>\n<blockquote><p><em>&#8220;Nous n&#8217;aurons rien \u00e0 cacher. Tout ce qu&#8217;on nous confie ce n&#8217;est pas \u00e0 nous. S&#8217;il faut publier nous allons publier, s&#8217;il faut publier les audits nous allons le faire (&#8230;) Le Gouvernement va nous confier des ressources, ou les partenaires, nous devons rendre compte de l&#8217;utilisation des ressources qui nous seront confi\u00e9es, non seulement les ressources financi\u00e8res mais aussi les ressources humaines que vous \u00eates<\/em>&#8220;, a martel\u00e9 Jean Mabi Mulumba.<\/p><\/blockquote>\n<p><img fetchpriority=\"high\" decoding=\"async\" class=\"alignnone wp-image-27840 size-full\" src=\"https:\/\/ikar.dev\/bceco-v2\/wp-content\/uploads\/2022\/02\/new_dg_ceremonie.jpeg\" alt=\"\" width=\"1080\" height=\"608\" srcset=\"https:\/\/ikar.dev\/bceco-v2\/wp-content\/uploads\/2022\/02\/new_dg_ceremonie.jpeg 1080w, https:\/\/ikar.dev\/bceco-v2\/wp-content\/uploads\/2022\/02\/new_dg_ceremonie-768x432.jpeg 768w, https:\/\/ikar.dev\/bceco-v2\/wp-content\/uploads\/2022\/02\/new_dg_ceremonie-600x338.jpeg 600w\" sizes=\"(max-width: 1080px) 100vw, 1080px\" \/><\/p>\n<p>S&#8217;agissant du Programme de d\u00e9veloppement \u00e0 la base de 145 territoires, Jean Mabi Mulumba a rassur\u00e9 que le BCECO jouera bel et bien sa partition.<\/p>\n<blockquote><p><em>&#8220;Aujourd&#8217;hui, la haute hi\u00e9rarchie a confi\u00e9 au BCECO des lourdes responsabilit\u00e9s, notamment l&#8217;ex\u00e9cution du projet de d\u00e9veloppement local constitu\u00e9 de 145 territoires. Et le BCECO a la charge justement de travailler sur 48 territoires. C&#8217;est \u00e9norme, sur 48 territoires nous aurons \u00e0 peu pr\u00e8s 80 comptables. C&#8217;est un grand d\u00e9fi, c&#8217;est un grand challenge mais qui n&#8217;est pas insurmontable<\/em>&#8220;, a-t-il indiqu\u00e9.<\/p><\/blockquote>\n<p>Pour rappel, c&#8217;est le 27 janvier dernier que le pr\u00e9sident de la R\u00e9publique d\u00e9mocratique du Congo, F\u00e9lix Antoine Tshisekedi Tshilombo, a nomm\u00e9 Jean Mabi Mulumba au poste de directeur g\u00e9n\u00e9ral du Bureau Central de Coordination.<\/p>\n<p><em><strong>Jepht\u00e9 Kitsita<\/strong><\/em><\/p>\n","protected":false},"excerpt":{"rendered":"<p>Le nouveau directeur g\u00e9n\u00e9ral du Bureau Central de Coordination, (BCECO) Jean Mabi Mulumba, a officiellement pris ses fonctions ce mercredi 9 f\u00e9vrier 2022 au terme de la c\u00e9r\u00e9monie de remise et reprise avec le directeur g\u00e9n\u00e9ral sortant, Gaspard Kabongo Mukise, jusqu&#8217;ici int\u00e9rimaire. Cette c\u00e9r\u00e9monie a \u00e9t\u00e9 pr\u00e9sid\u00e9e par le directeur de cabinet du ministre des<\/p>\n","protected":false},"author":1,"featured_media":27839,"comment_status":"open","ping_status":"open","sticky":false,"template":"","format":"standard","meta":{"footnotes":""},"categories":[62],"tags":[],"class_list":["post-20409","post","type-post","status-publish","format-standard","has-post-thumbnail","hentry","category-developpement"],"yoast_head":"<!-- This site is optimized with the Yoast SEO plugin v27.0 - https:\/\/yoast.com\/product\/yoast-seo-wordpress\/ -->\n<title>BCECO : Le nouveau DG, Jean Mabi Mulumba, promet des r\u00e9formes pour faire de ce service une agence de d\u00e9veloppement - Bureau Central de Coordination<\/title>\n<meta name=\"robots\" content=\"index, follow, max-snippet:-1, max-image-preview:large, max-video-preview:-1\" \/>\n<link rel=\"canonical\" href=\"https:\/\/ikar.dev\/bceco-v2\/bceco-le-nouveau-dg-jean-mabi-mulumba-promet-des-reformes-pour-faire-de-ce-service-une-agence-de-developpement\/\" \/>\n<meta property=\"og:locale\" content=\"en_US\" \/>\n<meta property=\"og:type\" content=\"article\" \/>\n<meta property=\"og:title\" content=\"BCECO : Le nouveau DG, Jean Mabi Mulumba, promet des r\u00e9formes pour faire de ce service une agence de d\u00e9veloppement - Bureau Central de Coordination\" \/>\n<meta property=\"og:description\" content=\"Le nouveau directeur g\u00e9n\u00e9ral du Bureau Central de Coordination, (BCECO) Jean Mabi Mulumba, a officiellement pris ses fonctions ce mercredi 9 f\u00e9vrier 2022 au terme de la c\u00e9r\u00e9monie de remise et reprise avec le directeur g\u00e9n\u00e9ral sortant, Gaspard Kabongo Mukise, jusqu&#8217;ici int\u00e9rimaire. Cette c\u00e9r\u00e9monie a \u00e9t\u00e9 pr\u00e9sid\u00e9e par le directeur de cabinet du ministre des\" \/>\n<meta property=\"og:url\" content=\"https:\/\/ikar.dev\/bceco-v2\/bceco-le-nouveau-dg-jean-mabi-mulumba-promet-des-reformes-pour-faire-de-ce-service-une-agence-de-developpement\/\" \/>\n<meta property=\"og:site_name\" content=\"Bureau Central de Coordination\" \/>\n<meta property=\"article:publisher\" content=\"https:\/\/www.facebook.com\/BCeCoRDC\" \/>\n<meta property=\"article:published_time\" content=\"2022-02-10T16:14:25+00:00\" \/>\n<meta property=\"og:image\" content=\"https:\/\/ikar.dev\/bceco-v2\/wp-content\/uploads\/2022\/02\/new_dg_ceremonie.jpeg\" \/>\n\t<meta property=\"og:image:width\" content=\"1080\" \/>\n\t<meta property=\"og:image:height\" content=\"608\" \/>\n\t<meta property=\"og:image:type\" content=\"image\/jpeg\" \/>\n<meta name=\"author\" content=\"bceco\" \/>\n<meta name=\"twitter:card\" content=\"summary_large_image\" \/>\n<meta name=\"twitter:creator\" content=\"@BCeCoRDC\" \/>\n<meta name=\"twitter:site\" content=\"@BCeCoRDC\" \/>\n<meta name=\"twitter:label1\" content=\"Written by\" \/>\n\t<meta name=\"twitter:data1\" content=\"bceco\" \/>\n\t<meta name=\"twitter:label2\" content=\"Est. reading time\" \/>\n\t<meta name=\"twitter:data2\" content=\"3 minutes\" \/>\n<script type=\"application\/ld+json\" class=\"yoast-schema-graph\">{\"@context\":\"https:\/\/schema.org\",\"@graph\":[{\"@type\":\"Article\",\"@id\":\"https:\/\/ikar.dev\/bceco-v2\/bceco-le-nouveau-dg-jean-mabi-mulumba-promet-des-reformes-pour-faire-de-ce-service-une-agence-de-developpement\/#article\",\"isPartOf\":{\"@id\":\"https:\/\/ikar.dev\/bceco-v2\/bceco-le-nouveau-dg-jean-mabi-mulumba-promet-des-reformes-pour-faire-de-ce-service-une-agence-de-developpement\/\"},\"author\":{\"name\":\"bceco\",\"@id\":\"https:\/\/ikar.dev\/bceco-v2\/#\/schema\/person\/6ee74807ffb016a78852fec6a295d503\"},\"headline\":\"BCECO : Le nouveau DG, Jean Mabi Mulumba, promet des r\u00e9formes pour faire de ce service une agence de d\u00e9veloppement\",\"datePublished\":\"2022-02-10T16:14:25+00:00\",\"mainEntityOfPage\":{\"@id\":\"https:\/\/ikar.dev\/bceco-v2\/bceco-le-nouveau-dg-jean-mabi-mulumba-promet-des-reformes-pour-faire-de-ce-service-une-agence-de-developpement\/\"},\"wordCount\":621,\"commentCount\":1,\"publisher\":{\"@id\":\"https:\/\/ikar.dev\/bceco-v2\/#organization\"},\"image\":{\"@id\":\"https:\/\/ikar.dev\/bceco-v2\/bceco-le-nouveau-dg-jean-mabi-mulumba-promet-des-reformes-pour-faire-de-ce-service-une-agence-de-developpement\/#primaryimage\"},\"thumbnailUrl\":\"https:\/\/ikar.dev\/bceco-v2\/wp-content\/uploads\/2022\/02\/new_dg_bceco.jpeg\",\"articleSection\":[\"D\u00e9veloppement\"],\"inLanguage\":\"en-US\",\"potentialAction\":[{\"@type\":\"CommentAction\",\"name\":\"Comment\",\"target\":[\"https:\/\/ikar.dev\/bceco-v2\/bceco-le-nouveau-dg-jean-mabi-mulumba-promet-des-reformes-pour-faire-de-ce-service-une-agence-de-developpement\/#respond\"]}]},{\"@type\":\"WebPage\",\"@id\":\"https:\/\/ikar.dev\/bceco-v2\/bceco-le-nouveau-dg-jean-mabi-mulumba-promet-des-reformes-pour-faire-de-ce-service-une-agence-de-developpement\/\",\"url\":\"https:\/\/ikar.dev\/bceco-v2\/bceco-le-nouveau-dg-jean-mabi-mulumba-promet-des-reformes-pour-faire-de-ce-service-une-agence-de-developpement\/\",\"name\":\"BCECO : Le nouveau DG, Jean Mabi Mulumba, promet des r\u00e9formes pour faire de ce service une agence de d\u00e9veloppement - Bureau Central de Coordination\",\"isPartOf\":{\"@id\":\"https:\/\/ikar.dev\/bceco-v2\/#website\"},\"primaryImageOfPage\":{\"@id\":\"https:\/\/ikar.dev\/bceco-v2\/bceco-le-nouveau-dg-jean-mabi-mulumba-promet-des-reformes-pour-faire-de-ce-service-une-agence-de-developpement\/#primaryimage\"},\"image\":{\"@id\":\"https:\/\/ikar.dev\/bceco-v2\/bceco-le-nouveau-dg-jean-mabi-mulumba-promet-des-reformes-pour-faire-de-ce-service-une-agence-de-developpement\/#primaryimage\"},\"thumbnailUrl\":\"https:\/\/ikar.dev\/bceco-v2\/wp-content\/uploads\/2022\/02\/new_dg_bceco.jpeg\",\"datePublished\":\"2022-02-10T16:14:25+00:00\",\"breadcrumb\":{\"@id\":\"https:\/\/ikar.dev\/bceco-v2\/bceco-le-nouveau-dg-jean-mabi-mulumba-promet-des-reformes-pour-faire-de-ce-service-une-agence-de-developpement\/#breadcrumb\"},\"inLanguage\":\"en-US\",\"potentialAction\":[{\"@type\":\"ReadAction\",\"target\":[\"https:\/\/ikar.dev\/bceco-v2\/bceco-le-nouveau-dg-jean-mabi-mulumba-promet-des-reformes-pour-faire-de-ce-service-une-agence-de-developpement\/\"]}]},{\"@type\":\"ImageObject\",\"inLanguage\":\"en-US\",\"@id\":\"https:\/\/ikar.dev\/bceco-v2\/bceco-le-nouveau-dg-jean-mabi-mulumba-promet-des-reformes-pour-faire-de-ce-service-une-agence-de-developpement\/#primaryimage\",\"url\":\"https:\/\/ikar.dev\/bceco-v2\/wp-content\/uploads\/2022\/02\/new_dg_bceco.jpeg\",\"contentUrl\":\"https:\/\/ikar.dev\/bceco-v2\/wp-content\/uploads\/2022\/02\/new_dg_bceco.jpeg\",\"width\":1080,\"height\":567},{\"@type\":\"BreadcrumbList\",\"@id\":\"https:\/\/ikar.dev\/bceco-v2\/bceco-le-nouveau-dg-jean-mabi-mulumba-promet-des-reformes-pour-faire-de-ce-service-une-agence-de-developpement\/#breadcrumb\",\"itemListElement\":[{\"@type\":\"ListItem\",\"position\":1,\"name\":\"Accueil\",\"item\":\"https:\/\/ikar.dev\/bceco-v2\/\"},{\"@type\":\"ListItem\",\"position\":2,\"name\":\"BCECO : Le nouveau DG, Jean Mabi Mulumba, promet des r\u00e9formes pour faire de ce service une agence de d\u00e9veloppement\"}]},{\"@type\":\"WebSite\",\"@id\":\"https:\/\/ikar.dev\/bceco-v2\/#website\",\"url\":\"https:\/\/ikar.dev\/bceco-v2\/\",\"name\":\"Bureau Central de Coordination\",\"description\":\"B.Ce.Co \u2013 Au c\u0153ur de l\u2019ex\u00e9cution des projets de d\u00e9veloppement en RDC\",\"publisher\":{\"@id\":\"https:\/\/ikar.dev\/bceco-v2\/#organization\"},\"potentialAction\":[{\"@type\":\"SearchAction\",\"target\":{\"@type\":\"EntryPoint\",\"urlTemplate\":\"https:\/\/ikar.dev\/bceco-v2\/?s={search_term_string}\"},\"query-input\":{\"@type\":\"PropertyValueSpecification\",\"valueRequired\":true,\"valueName\":\"search_term_string\"}}],\"inLanguage\":\"en-US\"},{\"@type\":\"Organization\",\"@id\":\"https:\/\/ikar.dev\/bceco-v2\/#organization\",\"name\":\"Bureau Central de Coordination\",\"url\":\"https:\/\/ikar.dev\/bceco-v2\/\",\"logo\":{\"@type\":\"ImageObject\",\"inLanguage\":\"en-US\",\"@id\":\"https:\/\/ikar.dev\/bceco-v2\/#\/schema\/logo\/image\/\",\"url\":\"https:\/\/ikar.dev\/bceco-v2\/wp-content\/uploads\/2025\/12\/BCECO-Bureau-Central-de-Coordination.jpg\",\"contentUrl\":\"https:\/\/ikar.dev\/bceco-v2\/wp-content\/uploads\/2025\/12\/BCECO-Bureau-Central-de-Coordination.jpg\",\"width\":2048,\"height\":2048,\"caption\":\"Bureau Central de Coordination\"},\"image\":{\"@id\":\"https:\/\/ikar.dev\/bceco-v2\/#\/schema\/logo\/image\/\"},\"sameAs\":[\"https:\/\/www.facebook.com\/BCeCoRDC\",\"https:\/\/x.com\/BCeCoRDC\"]},{\"@type\":\"Person\",\"@id\":\"https:\/\/ikar.dev\/bceco-v2\/#\/schema\/person\/6ee74807ffb016a78852fec6a295d503\",\"name\":\"bceco\",\"image\":{\"@type\":\"ImageObject\",\"inLanguage\":\"en-US\",\"@id\":\"https:\/\/ikar.dev\/bceco-v2\/#\/schema\/person\/image\/\",\"url\":\"https:\/\/secure.gravatar.com\/avatar\/55c07e1707f50774ef3c842c9d074773a6b558a20fbd1608c8e4871bc88f3455?s=96&d=mm&r=g\",\"contentUrl\":\"https:\/\/secure.gravatar.com\/avatar\/55c07e1707f50774ef3c842c9d074773a6b558a20fbd1608c8e4871bc88f3455?s=96&d=mm&r=g\",\"caption\":\"bceco\"},\"sameAs\":[\"https:\/\/ikar.dev\/bceco-v2\"],\"url\":\"https:\/\/ikar.dev\/bceco-v2\/author\/bceco\/\"}]}<\/script>\n<!-- \/ Yoast SEO plugin. -->","yoast_head_json":{"title":"BCECO : Le nouveau DG, Jean Mabi Mulumba, promet des r\u00e9formes pour faire de ce service une agence de d\u00e9veloppement - Bureau Central de Coordination","robots":{"index":"index","follow":"follow","max-snippet":"max-snippet:-1","max-image-preview":"max-image-preview:large","max-video-preview":"max-video-preview:-1"},"canonical":"https:\/\/ikar.dev\/bceco-v2\/bceco-le-nouveau-dg-jean-mabi-mulumba-promet-des-reformes-pour-faire-de-ce-service-une-agence-de-developpement\/","og_locale":"en_US","og_type":"article","og_title":"BCECO : Le nouveau DG, Jean Mabi Mulumba, promet des r\u00e9formes pour faire de ce service une agence de d\u00e9veloppement - Bureau Central de Coordination","og_description":"Le nouveau directeur g\u00e9n\u00e9ral du Bureau Central de Coordination, (BCECO) Jean Mabi Mulumba, a officiellement pris ses fonctions ce mercredi 9 f\u00e9vrier 2022 au terme de la c\u00e9r\u00e9monie de remise et reprise avec le directeur g\u00e9n\u00e9ral sortant, Gaspard Kabongo Mukise, jusqu&#8217;ici int\u00e9rimaire. Cette c\u00e9r\u00e9monie a \u00e9t\u00e9 pr\u00e9sid\u00e9e par le directeur de cabinet du ministre des","og_url":"https:\/\/ikar.dev\/bceco-v2\/bceco-le-nouveau-dg-jean-mabi-mulumba-promet-des-reformes-pour-faire-de-ce-service-une-agence-de-developpement\/","og_site_name":"Bureau Central de Coordination","article_publisher":"https:\/\/www.facebook.com\/BCeCoRDC","article_published_time":"2022-02-10T16:14:25+00:00","og_image":[{"width":1080,"height":608,"url":"https:\/\/ikar.dev\/bceco-v2\/wp-content\/uploads\/2022\/02\/new_dg_ceremonie.jpeg","type":"image\/jpeg"}],"author":"bceco","twitter_card":"summary_large_image","twitter_creator":"@BCeCoRDC","twitter_site":"@BCeCoRDC","twitter_misc":{"Written by":"bceco","Est. reading time":"3 minutes"},"schema":{"@context":"https:\/\/schema.org","@graph":[{"@type":"Article","@id":"https:\/\/ikar.dev\/bceco-v2\/bceco-le-nouveau-dg-jean-mabi-mulumba-promet-des-reformes-pour-faire-de-ce-service-une-agence-de-developpement\/#article","isPartOf":{"@id":"https:\/\/ikar.dev\/bceco-v2\/bceco-le-nouveau-dg-jean-mabi-mulumba-promet-des-reformes-pour-faire-de-ce-service-une-agence-de-developpement\/"},"author":{"name":"bceco","@id":"https:\/\/ikar.dev\/bceco-v2\/#\/schema\/person\/6ee74807ffb016a78852fec6a295d503"},"headline":"BCECO : Le nouveau DG, Jean Mabi Mulumba, promet des r\u00e9formes pour faire de ce service une agence de d\u00e9veloppement","datePublished":"2022-02-10T16:14:25+00:00","mainEntityOfPage":{"@id":"https:\/\/ikar.dev\/bceco-v2\/bceco-le-nouveau-dg-jean-mabi-mulumba-promet-des-reformes-pour-faire-de-ce-service-une-agence-de-developpement\/"},"wordCount":621,"commentCount":1,"publisher":{"@id":"https:\/\/ikar.dev\/bceco-v2\/#organization"},"image":{"@id":"https:\/\/ikar.dev\/bceco-v2\/bceco-le-nouveau-dg-jean-mabi-mulumba-promet-des-reformes-pour-faire-de-ce-service-une-agence-de-developpement\/#primaryimage"},"thumbnailUrl":"https:\/\/ikar.dev\/bceco-v2\/wp-content\/uploads\/2022\/02\/new_dg_bceco.jpeg","articleSection":["D\u00e9veloppement"],"inLanguage":"en-US","potentialAction":[{"@type":"CommentAction","name":"Comment","target":["https:\/\/ikar.dev\/bceco-v2\/bceco-le-nouveau-dg-jean-mabi-mulumba-promet-des-reformes-pour-faire-de-ce-service-une-agence-de-developpement\/#respond"]}]},{"@type":"WebPage","@id":"https:\/\/ikar.dev\/bceco-v2\/bceco-le-nouveau-dg-jean-mabi-mulumba-promet-des-reformes-pour-faire-de-ce-service-une-agence-de-developpement\/","url":"https:\/\/ikar.dev\/bceco-v2\/bceco-le-nouveau-dg-jean-mabi-mulumba-promet-des-reformes-pour-faire-de-ce-service-une-agence-de-developpement\/","name":"BCECO : Le nouveau DG, Jean Mabi Mulumba, promet des r\u00e9formes pour faire de ce service une agence de d\u00e9veloppement - Bureau Central de Coordination","isPartOf":{"@id":"https:\/\/ikar.dev\/bceco-v2\/#website"},"primaryImageOfPage":{"@id":"https:\/\/ikar.dev\/bceco-v2\/bceco-le-nouveau-dg-jean-mabi-mulumba-promet-des-reformes-pour-faire-de-ce-service-une-agence-de-developpement\/#primaryimage"},"image":{"@id":"https:\/\/ikar.dev\/bceco-v2\/bceco-le-nouveau-dg-jean-mabi-mulumba-promet-des-reformes-pour-faire-de-ce-service-une-agence-de-developpement\/#primaryimage"},"thumbnailUrl":"https:\/\/ikar.dev\/bceco-v2\/wp-content\/uploads\/2022\/02\/new_dg_bceco.jpeg","datePublished":"2022-02-10T16:14:25+00:00","breadcrumb":{"@id":"https:\/\/ikar.dev\/bceco-v2\/bceco-le-nouveau-dg-jean-mabi-mulumba-promet-des-reformes-pour-faire-de-ce-service-une-agence-de-developpement\/#breadcrumb"},"inLanguage":"en-US","potentialAction":[{"@type":"ReadAction","target":["https:\/\/ikar.dev\/bceco-v2\/bceco-le-nouveau-dg-jean-mabi-mulumba-promet-des-reformes-pour-faire-de-ce-service-une-agence-de-developpement\/"]}]},{"@type":"ImageObject","inLanguage":"en-US","@id":"https:\/\/ikar.dev\/bceco-v2\/bceco-le-nouveau-dg-jean-mabi-mulumba-promet-des-reformes-pour-faire-de-ce-service-une-agence-de-developpement\/#primaryimage","url":"https:\/\/ikar.dev\/bceco-v2\/wp-content\/uploads\/2022\/02\/new_dg_bceco.jpeg","contentUrl":"https:\/\/ikar.dev\/bceco-v2\/wp-content\/uploads\/2022\/02\/new_dg_bceco.jpeg","width":1080,"height":567},{"@type":"BreadcrumbList","@id":"https:\/\/ikar.dev\/bceco-v2\/bceco-le-nouveau-dg-jean-mabi-mulumba-promet-des-reformes-pour-faire-de-ce-service-une-agence-de-developpement\/#breadcrumb","itemListElement":[{"@type":"ListItem","position":1,"name":"Accueil","item":"https:\/\/ikar.dev\/bceco-v2\/"},{"@type":"ListItem","position":2,"name":"BCECO : Le nouveau DG, Jean Mabi Mulumba, promet des r\u00e9formes pour faire de ce service une agence de d\u00e9veloppement"}]},{"@type":"WebSite","@id":"https:\/\/ikar.dev\/bceco-v2\/#website","url":"https:\/\/ikar.dev\/bceco-v2\/","name":"Bureau Central de Coordination","description":"B.Ce.Co \u2013 Au c\u0153ur de l\u2019ex\u00e9cution des projets de d\u00e9veloppement en RDC","publisher":{"@id":"https:\/\/ikar.dev\/bceco-v2\/#organization"},"potentialAction":[{"@type":"SearchAction","target":{"@type":"EntryPoint","urlTemplate":"https:\/\/ikar.dev\/bceco-v2\/?s={search_term_string}"},"query-input":{"@type":"PropertyValueSpecification","valueRequired":true,"valueName":"search_term_string"}}],"inLanguage":"en-US"},{"@type":"Organization","@id":"https:\/\/ikar.dev\/bceco-v2\/#organization","name":"Bureau Central de Coordination","url":"https:\/\/ikar.dev\/bceco-v2\/","logo":{"@type":"ImageObject","inLanguage":"en-US","@id":"https:\/\/ikar.dev\/bceco-v2\/#\/schema\/logo\/image\/","url":"https:\/\/ikar.dev\/bceco-v2\/wp-content\/uploads\/2025\/12\/BCECO-Bureau-Central-de-Coordination.jpg","contentUrl":"https:\/\/ikar.dev\/bceco-v2\/wp-content\/uploads\/2025\/12\/BCECO-Bureau-Central-de-Coordination.jpg","width":2048,"height":2048,"caption":"Bureau Central de Coordination"},"image":{"@id":"https:\/\/ikar.dev\/bceco-v2\/#\/schema\/logo\/image\/"},"sameAs":["https:\/\/www.facebook.com\/BCeCoRDC","https:\/\/x.com\/BCeCoRDC"]},{"@type":"Person","@id":"https:\/\/ikar.dev\/bceco-v2\/#\/schema\/person\/6ee74807ffb016a78852fec6a295d503","name":"bceco","image":{"@type":"ImageObject","inLanguage":"en-US","@id":"https:\/\/ikar.dev\/bceco-v2\/#\/schema\/person\/image\/","url":"https:\/\/secure.gravatar.com\/avatar\/55c07e1707f50774ef3c842c9d074773a6b558a20fbd1608c8e4871bc88f3455?s=96&d=mm&r=g","contentUrl":"https:\/\/secure.gravatar.com\/avatar\/55c07e1707f50774ef3c842c9d074773a6b558a20fbd1608c8e4871bc88f3455?s=96&d=mm&r=g","caption":"bceco"},"sameAs":["https:\/\/ikar.dev\/bceco-v2"],"url":"https:\/\/ikar.dev\/bceco-v2\/author\/bceco\/"}]}},"_links":{"self":[{"href":"https:\/\/ikar.dev\/bceco-v2\/wp-json\/wp\/v2\/posts\/20409","targetHints":{"allow":["GET"]}}],"collection":[{"href":"https:\/\/ikar.dev\/bceco-v2\/wp-json\/wp\/v2\/posts"}],"about":[{"href":"https:\/\/ikar.dev\/bceco-v2\/wp-json\/wp\/v2\/types\/post"}],"author":[{"embeddable":true,"href":"https:\/\/ikar.dev\/bceco-v2\/wp-json\/wp\/v2\/users\/1"}],"replies":[{"embeddable":true,"href":"https:\/\/ikar.dev\/bceco-v2\/wp-json\/wp\/v2\/comments?post=20409"}],"version-history":[{"count":0,"href":"https:\/\/ikar.dev\/bceco-v2\/wp-json\/wp\/v2\/posts\/20409\/revisions"}],"wp:featuredmedia":[{"embeddable":true,"href":"https:\/\/ikar.dev\/bceco-v2\/wp-json\/wp\/v2\/media\/27839"}],"wp:attachment":[{"href":"https:\/\/ikar.dev\/bceco-v2\/wp-json\/wp\/v2\/media?parent=20409"}],"wp:term":[{"taxonomy":"category","embeddable":true,"href":"https:\/\/ikar.dev\/bceco-v2\/wp-json\/wp\/v2\/categories?post=20409"},{"taxonomy":"post_tag","embeddable":true,"href":"https:\/\/ikar.dev\/bceco-v2\/wp-json\/wp\/v2\/tags?post=20409"}],"curies":[{"name":"wp","href":"https:\/\/api.w.org\/{rel}","templated":true}]}}